{"id":4454,"date":"2014-02-24T14:48:56","date_gmt":"2014-02-24T13:48:56","guid":{"rendered":"http:\/\/piekarska.blog.pl\/?p=4454"},"modified":"2014-02-24T14:48:56","modified_gmt":"2014-02-24T13:48:56","slug":"do-jednego-wora-czyli-jak-to-jest-z-fundacjami","status":"publish","type":"post","link":"http:\/\/blog.piekarska.com.pl\/?p=4454","title":{"rendered":"Do jednego wora, czyli jak to jest z fundacjami"},"content":{"rendered":"<p>Mia\u0142am napisa\u0107 o czym\u015b innym, ale w\u0142a\u015bciwie zosta\u0142am podstawiona niejako pod \u015bcian\u0105. Wszystko przez m\u00f3j <a title=\"Oszu\u015bci zn\u00f3w w ataku, czyli Mareczek Kud\u0142a vel Pawe\u0142ek J\u0119drzejczak\" href=\"http:\/\/piekarska.blog.pl\/?p=4429\" target=\"_blank\">ostatni wpis o \u201eoszustwie mi\u0142osierdzia\u201d<\/a>. Znajomi zacz\u0119li ten tekst udost\u0119pnia\u0107 w sieci i tak\u2026 jeden znajomy znajomej udost\u0119pni\u0142 z takim tekstem: <em>\u201eWp\u0142yn\u0105\u0142 do mnie &#8222;materia\u0142&#8221;&#8230;. No i jest problem&#8230; bo goni\u0105c oszust\u00f3w autorzy prosz\u0105 o wsparcie fundacji&#8230; konkretnej&#8230; kt\u00f3ra \u015bwietnie prosperuje apeluj\u0105c o pomoc dla dzieci&#8230; i mo\u017ce nawet niekt\u00f3rym dzieciom pomaga&#8230; ale tylko niekt\u00f3rym&#8230; tym, kt\u00f3rzy sami sobie &#8222;zorganizuj\u0105&#8221; pieniadze&#8230;poprzez wp\u0142aty na konto fundacji&#8230;i zorganizuj\u0105 akcj\u0119 1% dla &#8222;swojego&#8221; dziecka&#8230; Czy to jest jeszcze &#8222;fundacja&#8221; czy mo\u017ce &#8222;\u017cebracja&#8221; ( bo jej podopieczni musz\u0105 na siebie &#8222;\u017cebra\u0107&#8221;)? i czy przypadkiem fundacja nie dzieli dzieci na lepsze i gorsze?\u201d<\/em><\/p>\n<p>Zrobi\u0142o mi si\u0119 bardzo, ale to bardzo przykro. Przyznam, \u017ce nie wiem, czy to historia z Jakubem \u015apiewakiem i fundacj\u0105 \u201eKid Protect\u201d, czy \u201erozdmuchana afera\u201d wok\u00f3\u0142 Jerzego Owsiaka, gdzie i samego Owsiaka ponosz\u0105 emocje, a w zwi\u0105zku z tym nienawidz\u0105cy go nie pr\u00f3\u017cnuj\u0105 i atakuj\u0105 ze zdwojon\u0105 moc\u0105, spowodowa\u0142y, \u017ce ludzie wsz\u0119dzie wietrz\u0105 podst\u0119p i nikomu ju\u017c nie wierz\u0105? Nie jestem kontrolerem dzia\u0142alno\u015bci \u017cadnej fundacji. Wiem jedno: moi znajomi, kt\u00f3rych dzieci rodzi\u0142y si\u0119 w szpitalach i le\u017ca\u0142y w inkubatorach z czerwonym serduszkiem, wdzi\u0119czni s\u0105 Owsiakowi za jego akcj\u0119. A ci moi znajomi, kt\u00f3rych ci\u0119\u017cko chore dzieci s\u0105 podopiecznymi r\u00f3\u017cnych fundacji, zgodnie m\u00f3wi\u0105, \u017ce tylko dzi\u0119ki temu mogli wys\u0142a\u0107 dzieci na r\u00f3\u017cne turnusy rehabilitacyjne czy po prostu leczy\u0107.<\/p>\n<p><a title=\"Jeszcze raz jeden procent, czyli kto przytuli Marcelka\" href=\"http:\/\/piekarska.blog.pl\/?p=3087\">Marcelek<\/a>, o kt\u00f3rym w swoim czasie pisa\u0142am, pojecha\u0142 jesieni\u0105 na tydzie\u0144 na delfinoterapi\u0119. Wr\u00f3ci\u0142 tak odmieniony, \u017ce ja prze\u017cy\u0142am szok, gdy si\u0119 spotkali\u015bmy. Dziecko, kt\u00f3re nie wykazywa\u0142o \u017cadnego zainteresowania otoczeniem i zdawa\u0142o si\u0119 pozbawione z nim kontaktu, wyci\u0105ga\u0142o do mnie r\u0119ce po kubek z piciem! No naprawd\u0119 szok! A wszystko w\u0142a\u015bnie dzi\u0119ki delfinoterapii, na kt\u00f3r\u0105 jego mam\u0119 nie by\u0142oby sta\u0107, gdyby nie wsparcie uzyskane dzi\u0119ki zbi\u00f3rce z jednego procenta. Pan, kt\u00f3rego komentarz przytoczy\u0142am wy\u017cej, nazwa\u0142 to \u201e\u017cebracj\u0105\u201d. Owszem, rodzice zbieraj\u0105cy ten 1% na swoje dzieci by\u0107 mo\u017ce w spos\u00f3b \u017cebraczy informuj\u0105 o tym znajomych, \u015bl\u0105 SMS\u2019y, maile itd., ale sk\u0105d ludzie maj\u0105 dowiedzie\u0107 si\u0119, na co, a w\u0142a\u015bciwie, na kogo konkretnie ten 1% przekaza\u0107? S\u0105 spisy OPP (organizacji po\u017cytku publicznego), ale podaj\u0105c KRS OPP rzeczywi\u015bcie wszystko idzie og\u00f3lnie na fundacj\u0119. Dlatego je\u015bli chcemy wesprze\u0107 konkretne dziecko, konkretnego cz\u0142owieka trzeba zna\u0107 jego osobisty numer podopiecznego w danej fundacji. Z rozm\u00f3w ze znajomymi wiem, \u017ce wol\u0105 przekazywa\u0107 na konkretn\u0105 osob\u0119. Jedna z kole\u017canek, kt\u00f3ra swoim 1% wspar\u0142a Marcelka powiedzia\u0142a mi potem: <em>\u201eWiem, \u017ce 1% ode mnie to ma\u0142o, ale jak zobaczy\u0142am, \u017ce on reaguje na to, co do niego m\u00f3wimy, to widz\u0119, \u017ce warto\u201d. <\/em><\/p>\n<p>Podobnie jest z <a title=\"Skutki dylematu, czyli apel o 1%\" href=\"http:\/\/piekarska.blog.pl\/?p=2263\">Piotrem<\/a>, kt\u00f3rego numer konta fundacyjnego podawa\u0142am <a title=\"Oszu\u015bci zn\u00f3w w ataku, czyli Mareczek Kud\u0142a vel Pawe\u0142ek J\u0119drzejczak\" href=\"http:\/\/piekarska.blog.pl\/?p=4429\">ostatnio<\/a>. Marcelek, mimo ca\u0142ej masy chor\u00f3b, ma si\u0119 w pewnym sensie troch\u0119 lepiej ni\u017c Piotr. Jak to? Ano tak, \u017ce jest m\u0142odszy. Na ma\u0142e dziecko ludzie p\u0142ac\u0105 ch\u0119tniej. Na prawie 19-letniego Piotra ju\u017c nie tak ch\u0119tnie. Mama Piotra przyznaje, \u017ce z roku na rok ten 1% si\u0119 zbiera, ale coraz mniejszy. W ko\u0144cu jej syn jest ju\u017c teraz ubezw\u0142asnowolniony. Nigdy nie b\u0119dzie w pe\u0142ni normalny i dostosowany do spo\u0142ecze\u0144stwa. Na dodatek, o ile jednak ma\u0142y Marcelek ma szanse na r\u00f3\u017cne darmowe zabiegi z NFZ, (cho\u0107 to rzecz jasna kropla w morzu jego zdrowotnych potrzeb), o tyle Piotru\u015b, kt\u00f3ry przecie\u017c sko\u0144czy\u0142 ju\u017c te magiczne 18 lat, nie ma w\u0142a\u015bciwie szans ju\u017c na nic. Chyba, \u017ce rodzina za to zap\u0142aci. Bowiem w \u015bwietle prawa, jako osoba pe\u0142noletnia, nie jest obejmowany tak\u0105 pomoc\u0105 terapeutyczn\u0105, jak dziecko. Z mam\u0105 Piotra rozmawia\u0142am dos\u0142ownie wczoraj, bo obie nas poruszy\u0142a zar\u00f3wno kolejna pr\u00f3ba wyci\u0105gania pieni\u0119dzy na nieistniej\u0105ce chore dzieci, ilustrowane prawdziwym chorym, jak i prosty fakt, \u017ce kto\u015b podaj\u0105c dalej m\u00f3j tekst opatrzy\u0142 go komentarzem, w kt\u00f3rym do jednego wora wrzuci\u0142 \u201eoszustwa mi\u0142osierdzia\u201d z apelem o 1% z i tak zap\u0142aconego ju\u017c podatku!<\/p>\n<figure style=\"width: 344px\" class=\"wp-caption alignleft\"><a href=\"http:\/\/autystyczni.blox.pl\/resource\/dziekuje_polaroid_400x400.jpg\"><img loading=\"lazy\" decoding=\"async\" class=\"   \" src=\"http:\/\/autystyczni.blox.pl\/resource\/dziekuje_polaroid_400x400.jpg\" alt=\"\" width=\"344\" height=\"400\" \/><\/a><figcaption class=\"wp-caption-text\">Piotru\u015b \ud83d\ude42<br \/>fot. autystyczni.blox.pl<\/figcaption><\/figure>\n<p>W Polsce absurd\u00f3w jest wiele. Jednym z nich jest to, \u017ce ludziom odbiera si\u0119 dzieci, bo rodzice nie maj\u0105 pieni\u0119dzy, a jednocze\u015bnie daje si\u0119 du\u017ce pieni\u0105dze obcym ludziom, by tworzyli rodziny zast\u0119pcze. Nigdy nie zrozumiem, czemu nie mo\u017cna tych pieni\u0119dzy da\u0107 tym biednym rodzicom, by nie rozdziela\u0107 rodzin? Historia ch\u0142opaka, kt\u00f3ry <a href=\"http:\/\/www.polskatimes.pl\/artykul\/1087200,samobojstwo-w-suwalkach-16latek-powiesil-sie-po-rozdzieleniu-go-z-matka-interwencja-rpd-video,id,t.html?cookie=1\" target=\"_blank\">powiesi\u0142 si\u0119<\/a> na wie\u015b\u0107, \u017ce z powodu biedy zostanie odebrany matce i p\u00f3jdzie do obcych ludzi, wstrz\u0105sn\u0119\u0142a chyba ca\u0142\u0105 Polsk\u0105. Jednocze\u015bnie ca\u0142y czas nic nie robi si\u0119, by takim sytuacjom zapobiega\u0107. Podobnie jest z pomoc\u0105 medyczn\u0105. Dop\u00f3ki dziecko jest dzieckiem, lepiej lub gorzej, bardziej lub mniej, ale mo\u017ce liczy\u0107 na pomoc medyczn\u0105, terapi\u0119 itp. W przypadku, gdy staje si\u0119 metrykalnie doros\u0142e w\u0142a\u015bciwie wi\u0119kszo\u015b\u0107 terapii jest ju\u017c dla niego zamkni\u0119ta. Tak jest w przypadku autyzmu. Mama Piotra sama napisa\u0142a, \u017ce gdy stawia\u0142a \u201epierwsze kroki w autyzmie\u201d rodzice starszych autyk\u00f3w m\u00f3wili jej, \u017ce to, \u017ce teraz ma pod g\u00f3rk\u0119, to naprawd\u0119 nic w por\u00f3wnaniu z tym, co stanie si\u0119, gdy Piotr sko\u0144czy te magiczne 18 lat. Tak sta\u0142o si\u0119 w zesz\u0142ym roku. My\u015bl\u0119, \u017ce sam proces ubezw\u0142asnowolniania m\u00f3g\u0142by (i dla dobra sprawy powinien) sta\u0107 si\u0119 kiedy\u015b tematem dokumentalnego filmu. Jak to wygl\u0105da w praktyce? W przypadku Piotra najpierw s\u0105d pisa\u0142 pisma do niego. Ale ju\u017c po jednej wizycie autyka w s\u0105dzie uzna\u0142, \u017ce reszt\u0119 pism b\u0119dzie jednak kierowa\u0107 do jego mamy. Pow\u00f3d prosty. Piotr, kt\u00f3ry radzi sobie z komputerem i zadaniami matematycznymi, w\u0142a\u015bciwie nie rozumia\u0142 \u017cadnego z zadanych mu przez s\u0105d pyta\u0144. Tak to ju\u017c z autyzmem jest, \u017ce cechuje go silna aspo\u0142eczno\u015b\u0107. Piotr, mimo 18 lat, w wielu sprawach jest jak dziecko. Bywa\u0142o, \u017ce gdy nastawi\u0142 si\u0119 na spacer, a rozpoczyna\u0142a si\u0119 ulewa, dostawa\u0142 sza\u0142u, \u017ce niebo nie jest mu pos\u0142uszne. Jednak dla polskiego systemu pomocowego liczy si\u0119 metryka, a nie to, jak autyk radzi sobie z deszczem. System nie jest zainteresowany te\u017c tym, jak wyt\u0142umaczy\u0107 autystycznemu nastolatkowi, \u017ce do wielu rzeczy, kt\u00f3re pokocha\u0142 nie ma ju\u017c prawa, bo jest za stary, a matk\u0119 zwyczajnie na nie ju\u017c nie sta\u0107? Autyk, mimo sko\u0144czonych 18 lat, po prostu tego nie zrozumie. Mama Piotra napisa\u0142a w swoim czasie: <em>\u201ePrzybywa regulamin\u00f3w, kt\u00f3re wyrzucaj\u0105 Piotrka poza nawias z powodu metryki. PFRON czyli &#8212; jakby kto\u015b nie wiedzia\u0142 &#8212; Pa\u0144stwowy Fundusz Rehabilitacji Os\u00f3b Niepe\u0142nosprawnych nie rehabilituje doros\u0142ych Piotrk\u00f3w. ZUS daje im rent\u0119 w wysoko\u015bci 610 z\u0142. Pa\u0144stwo umywa r\u0119ce. Zostawia Piotrk\u00f3w&#8230; No w\u0142a\u015bnie komu? Przecie\u017c nie samym sobie. Zostawia ich rodzicom.<br \/>\nA Piotrek lubi swoje zaj\u0119cia. Chodzi na te terapie jak jego r\u00f3wie\u015bnicy na trening siatk\u00f3wki, pr\u00f3b\u0119 k\u00f3\u0142ka teatralnego czy kurs j\u0119zyka hiszpa\u0144skiego. Albo na piwo. Z t\u0105 tylko r\u00f3\u017cnic\u0105, \u017ce on potrzebuje tych zaj\u0119\u0107. Ma diagnozy, a opr\u00f3cz diagnoz czyste fakty &#8212; kolejne urodziny nie sprawi\u0142y, \u017ce ozdrowia\u0142, wyszed\u0142 z autyzmu, sensoryka si\u0119 naprawi\u0142a, kr\u0119gos\u0142up naprostowa\u0142, a mowa sta\u0142a si\u0119 g\u0142adka. Rehabilitacja jest i b\u0119dzie mu potrzebna. Taki styl \u017cycia. A tu prosz\u0119, nadchodzi nieuchronne, to o czym\u00a0 m\u00f3wili mi rodzice jeszcze starszych Piotrk\u00f3w, czyli kop w dup tam, gdzie by\u0142o co\u015b za darmo, pa\u0144stwowe.<br \/>\nTak, wiem, nie robicie tego specjalnie. Wszystkim jest szkoda Piotrka, kt\u00f3ry tak wspaniale pracuje, stara si\u0119, coraz lepiej si\u0119 koncentruje i zwyczajnie cieszy z zaj\u0119\u0107, ze swoich ma\u0142ych sukces\u00f3w.<br \/>\nJest mi smutno. Tak, to najczystszy smutek. \u017badna tam z\u0142o\u015b\u0107, pomstowanie i rzucanie brzydkimi wyrazami.<\/em><em><\/em><em> Chce mi si<\/em><em>\u0119<\/em><em> p<\/em><em>\u0142<\/em><em>aka<\/em><em>\u0107<\/em><em>. Ile to jeszcze lat szko<\/em><em>\u0142<\/em><em>y Piotrkowi zosta<\/em><em>\u0142<\/em><em>o? Mam si<\/em><em>\u0119<\/em><em> zastanawia<\/em><em>\u0107<\/em><em> co dalej? Nie mieli<\/em><em>\u015b<\/em><em>my szcz<\/em><em>\u0119\u015b<\/em><em>cia do <\/em><em>\u0142<\/em><em>aski pa<\/em><em>\u0144<\/em><em>stwa. Jak Piotrek by<\/em><em>\u0142<\/em><em> ma<\/em><em>\u0142<\/em><em>y, by<\/em><em>\u0142<\/em><em> ug<\/em><em>\u00f3<\/em><em>r, wi<\/em><em>\u0119<\/em><em>c trzeba by<\/em><em>\u0142<\/em><em>o rehabilitowa<\/em><em>\u0107<\/em><em> na koszt w\u0142asny. Teraz Piotrek jest za du\u017cy, regulaminy go wyrzucaj\u0105. Tym bardziej przypominam o tym, \u017ce\u00a0mo\u017cna Piotrka wesprze\u0107 wp\u0142acaj\u0105c na jego rzecz 1 procent podatku.<br \/>\nWarto pomy\u015ble\u0107 o doros\u0142ych Piotrkach, kt\u00f3rzy musz\u0105 si\u0119 sami \u201erehabilitowa\u0107\u201d, cz\u0119sto w czterech \u015bcianach, w towarzystwie rodzic\u00f3w, zestresowanych nieuchronnym w pewnym momencie pytaniem: <\/em><em>Co dalej? Co b\u0119dzie, jak nas zabraknie?<\/em><em>\u00a0Warto pomy\u015ble\u0107 o dzieciach z autyzmem, kt\u00f3re nie wzruszaj\u0105 fizycznym kalectwem, a ich rehabilitacja jest bardzo kosztowna, to, co daje \u201edobry\u201d PFRON, to najcz\u0119\u015bciej kropla w morzu potrzeb.\u201d<\/em><\/p>\n<p>Mama Piotra chowa go sama. W wi\u0119kszo\u015bci przypadk\u00f3w tak jest, \u017ce z chorymi dzie\u0107mi zostaj\u0105 matki. Ojcowie zgodnie z zasad\u0105: \u201eco z oczu to z serca\u201d albo: \u201eczego oczy nie widz\u0105 \u2013 tego sercu nie \u017cal\u201d rozpoczynaj\u0105 nowe \u017cycie, w kt\u00f3rym przewa\u017cnie nie ma miejsca na to, czym nie mo\u017cna si\u0119 chwali\u0107. Mama Piotra, kt\u00f3ra by\u0142a dziennikark\u0105 z ambicjami i mo\u017cliwo\u015bciami (pracowa\u0142y\u015bmy razem w dw\u00f3ch redakcjach), a od lat bierze si\u0119 z \u017cyciem za bary, napisa\u0142a ju\u017c tomy o tym, (bo przecie\u017c prowadzi <a href=\"http:\/\/autystyczni.blox.pl\/\" target=\"_blank\">blog o autyzmie<\/a>) jak pr\u00f3buje dorobi\u0107, by zarobi\u0107 na \u017cycie. S\u0105 to tomy tekst\u00f3w o kolejnych pr\u00f3bach podejmowania pracy, z kt\u00f3rej potem sama musia\u0142a rezygnowa\u0107, bo nie mia\u0142 kto zosta\u0107 z autystycznym dzieckiem. C\u00f3\u017c, przy zmieniaj\u0105cych si\u0119, jak w kalejdoskopie opiekunkach, trudno o sta\u0142\u0105 pomoc, kt\u00f3ra zagwarantuje dziecku (nawet tak du\u017cemu jak Piotr) bezpiecze\u0144stwo przede wszystkim psychiczne. Jak pracowa\u0107 w wakacje, gdy nie ma co zrobi\u0107 z dzieckiem, kt\u00f3re samo w domu mo\u017ce zosta\u0107 najwy\u017cej przez 20 minut? A nie przys\u0142uguje mu ju\u017c opiekunka, bo ma te swoje 18 lat, a wynaj\u0119cie opieki kosztuje wi\u0119cej ni\u017c proponowana matce miesi\u0119czna pensja? Napisa\u0142a te\u017c tomy o dostawaniu zasi\u0142ku, o traceniu go w pi\u0119\u0107 minut za przekroczenie jakich\u015b tam limit\u00f3w, po napisaniu np. jednego artyku\u0142u. Mama Piotra zawsze powtarza, \u017ce chcia\u0142aby pracowa\u0107. Jednak system w naszym pa\u0144stwie jej to po prostu uniemo\u017cliwia. Luki prawne s\u0105 tak du\u017ce, \u017ce w\u0142a\u015bciwie, co chwile chce si\u0119 z rozpaczy i bezsilno\u015bci wali\u0107 g\u0142ow\u0105 w \u015bcian\u0119.<\/p>\n<p>Czy takie osoby, jak mama Piotra, tylko dlatego, \u017ce ludzie maj\u0105 z\u0142e zdanie o fundacjach powinny prosi\u0107 o wp\u0142aty na prywatne konta? Przecie\u017c to jest dopiero pole do nadu\u017cy\u0107 i braku transparentno\u015bci. Tu dopiero m\u00f3g\u0142by kto\u015b zarzuci\u0107 nieuczciwo\u015b\u0107 rodzicom chorych krzycz\u0105c na przyk\u0142ad: <em>\u201eDa\u0142em jej fors\u0119 na terapi\u0119 dla syna, a z wyci\u0105gu z konta wynika, \u017ce tego samego dnia ta taka owaka baba czynsz zap\u0142aci\u0142a!\u201d.<\/em> Czy mo\u017ce taka osoba powinna siedzie\u0107 w tych czterech \u015bcianach z zasi\u0142kiem 610 z\u0142otych na syna i z roku na rok zapada\u0107 si\u0119 coraz bardziej w niebyt? By i spo\u0142ecze\u0144stwu by\u0142o l\u017cej zgodnie ze wspomnian\u0105 ju\u017c przeze mnie zasad\u0105: \u201eczego oczy nie widz\u0105 \u2013 tego sercu nie \u017cal\u201d. Wiem, \u017ce mama Piotra (by\u0107 mo\u017ce b\u0119dzie z\u0142a, \u017ce to napisz\u0119) zalega czasem z czynszem, wiem, \u017ce w sprawie o ubezw\u0142asnowolnienie musia\u0142a z w\u0142asnej kieszeni zap\u0142aci\u0107 za opini\u0119 bieg\u0142ego psychiatry, wiem, \u017ce ca\u0142y czas szuka mo\u017cliwo\u015bci takiej pracy, kt\u00f3ra zabieraj\u0105c zasi\u0142ek da\u0142aby takie pieni\u0105dze, by sta\u0107 j\u0105 by\u0142o na \u017cycie i op\u0142at\u0119 za opiek\u0119 nad synem, gdy ona jest w pracy. Skoro pa\u0144stwo uzna\u0142o, ze doros\u0142ym autykom taka opieka si\u0119 nie nale\u017cy.<\/p>\n<p>Pisz\u0119 tu o Piotrze w\u0142a\u015bciwie co roku, bo to m\u00f3j podopieczny. Ale nie chodzi tylko o to, by wszyscy wp\u0142acali na <a href=\"http:\/\/dzieciom.pl\/podopieczni\/6771\" target=\"_blank\">Piotra<\/a> (czy wspomnianego wcze\u015bniej <a href=\"http:\/\/dzieciom.pl\/podopieczni\/16612\" target=\"_blank\">Marcelka<\/a>). Chodzi mi o to, by\u015bmy jednak nie machali r\u0119k\u0105 na ten 1%. Je\u015bli kto\u015b ma \u201eswojego\u201d Piotra &#8211; niech wesprze swojego. Przecie\u017c ten podatek i tak oddajemy. Je\u015bli wi\u0119c kto\u015b mo\u017ce skorzysta\u0107 z naszego jednego procenta, niech korzysta konkretna osoba. Zw\u0142aszcza, gdy nie mamy zaufania do fundacji, jako instytucji. Ale <strong>je\u015bli kto\u015b nie ma\u00a0\u201eswojego\u201d podopiecznego<\/strong>, niech pomy\u015bli o ma\u0142ym <a href=\"http:\/\/dzieciom.pl\/podopieczni\/16612\" target=\"_blank\">Marcelku<\/a>, kt\u00f3ry ca\u0142y czas siusia przez dziurk\u0119 pod p\u0119pkiem lub prawie 19-letnim autystycznym <a href=\"http:\/\/dzieciom.pl\/podopieczni\/6771\" target=\"_blank\">Piotrze<\/a>, kt\u00f3ry bywa z\u0142y na niebo, gdy z niego pada deszcz.<\/p>\n<p>PS A do ko\u0144ca kwietnia w ramce obok b\u0119dzie widnia\u0142 m\u00f3j apel o 1% dla Piotra lub Marcelka.<\/p>\n","protected":false},"excerpt":{"rendered":"<p>Mia\u0142am napisa\u0107 o czym\u015b innym, ale w\u0142a\u015bciwie zosta\u0142am podstawiona niejako pod \u015bcian\u0105. Wszystko przez m\u00f3j ostatni wpis o \u201eoszustwie mi\u0142osierdzia\u201d. Znajomi zacz\u0119li ten tekst udost\u0119pnia\u0107 w sieci i tak\u2026 jeden znajomy znajomej udost\u0119pni\u0142 z takim tekstem: \u201eWp\u0142yn\u0105\u0142 do mnie &#8222;materia\u0142&#8221;&#8230;. No i jest problem&#8230; bo&#8230;<\/p>\n<div class=\"easywp-readmore\"><a class=\"read-more-link\" href=\"http:\/\/blog.piekarska.com.pl\/?p=4454\">Czytaj dalej&#8230;<span class=\"easywp-sr-only\">  Do jednego wora, czyli jak to jest z fundacjami<\/span><\/a><\/div>\n","protected":false},"author":1,"featured_media":0,"comment_status":"closed","ping_status":"open","sticky":false,"template":"","format":"standard","meta":{"_crdt_document":"","footnotes":""},"categories":[8],"tags":[19,20,378,530,760,1008,1064],"class_list":["post-4454","post","type-post","status-publish","format-standard","hentry","category-pomozmy","tag-1-procent","tag-20","tag-fundacja-dzieciom-zdazyc-z-pomoca","tag-jeden-procent","tag-marcel-karczynski","tag-piotr-prochniewicz","tag-pomozmy-2","wpcat-8-id"],"_links":{"self":[{"href":"http:\/\/blog.piekarska.com.pl\/index.php?rest_route=\/wp\/v2\/posts\/4454","targetHints":{"allow":["GET"]}}],"collection":[{"href":"http:\/\/blog.piekarska.com.pl\/index.php?rest_route=\/wp\/v2\/posts"}],"about":[{"href":"http:\/\/blog.piekarska.com.pl\/index.php?rest_route=\/wp\/v2\/types\/post"}],"author":[{"embeddable":true,"href":"http:\/\/blog.piekarska.com.pl\/index.php?rest_route=\/wp\/v2\/users\/1"}],"replies":[{"embeddable":true,"href":"http:\/\/blog.piekarska.com.pl\/index.php?rest_route=%2Fwp%2Fv2%2Fcomments&post=4454"}],"version-history":[{"count":0,"href":"http:\/\/blog.piekarska.com.pl\/index.php?rest_route=\/wp\/v2\/posts\/4454\/revisions"}],"wp:attachment":[{"href":"http:\/\/blog.piekarska.com.pl\/index.php?rest_route=%2Fwp%2Fv2%2Fmedia&parent=4454"}],"wp:term":[{"taxonomy":"category","embeddable":true,"href":"http:\/\/blog.piekarska.com.pl\/index.php?rest_route=%2Fwp%2Fv2%2Fcategories&post=4454"},{"taxonomy":"post_tag","embeddable":true,"href":"http:\/\/blog.piekarska.com.pl\/index.php?rest_route=%2Fwp%2Fv2%2Ftags&post=4454"}],"curies":[{"name":"wp","href":"https:\/\/api.w.org\/{rel}","templated":true}]}}