{"id":3703,"date":"2013-07-13T14:11:11","date_gmt":"2013-07-13T13:11:11","guid":{"rendered":"http:\/\/piekarska.blog.pl\/?p=3703"},"modified":"2018-05-22T16:39:15","modified_gmt":"2018-05-22T16:39:15","slug":"miedzy-nami-polakami-czyli-tolerancja-ze-stosem","status":"publish","type":"post","link":"http:\/\/blog.piekarska.com.pl\/?p=3703","title":{"rendered":"Mi\u0119dzy nami Polakami, czyli tolerancja ze stosem"},"content":{"rendered":"<p>W pi\u0105tek sejm nie przyj\u0105\u0142 kluczowej poprawki do uchwa\u0142y upami\u0119tniaj\u0105cej zbrodni\u0119 wo\u0142y\u0144sk\u0105. W uchwale Sejmu nie pojawi si\u0119 wi\u0119c sformu\u0142owanie \u201eludob\u00f3jstwo\u201d w miejsce okre\u015blenia \u201eczystka etnicznej o znamionach ludob\u00f3jstwa\u201d. Za poprawk\u0105 by\u0142o 212 pos\u0142\u00f3w, przeciw &#8211; 222, a 3 wstrzyma\u0142o si\u0119 od g\u0142osu. Jest to do\u015b\u0107 ciekawe, bo r\u00f3wnocze\u015bnie 148 deputowanych ukrai\u0144skiego parlamentu z partii komunistycznej i Partii Region\u00f3w zaapelowa\u0142o w li\u015bcie do marsza\u0142ek Sejmu Ewy Kopacz o uznanie tragedii wo\u0142y\u0144skiej za \u201eludob\u00f3jstwo\u201d pope\u0142nione na Polakach przez nacjonalist\u00f3w z Ukrai\u0144skiej Powsta\u0144czej Armii (UPA). Tam na Ukrainie ich przeciwnicy polityczni uznali, \u017ce to element walki politycznej w Kijowie. Wszystko jest mo\u017cliwe, ale ja nie chc\u0119 pisa\u0107 o polityce. Chc\u0119 napisa\u0107 zn\u00f3w o ludziach. O tym, jak Polak Polakowi\u2026<\/p>\n<p><a href=\"http:\/\/blog.piekarska.com.pl\/wp-content\/uploads\/2013\/07\/jan-muszynski.jpg\"><img loading=\"lazy\" decoding=\"async\" class=\"alignright size-medium wp-image-139748\" src=\"http:\/\/blog.piekarska.com.pl\/wp-content\/uploads\/2013\/07\/jan-muszynski-224x300.jpg\" alt=\"\" width=\"224\" height=\"300\" srcset=\"http:\/\/blog.piekarska.com.pl\/wp-content\/uploads\/2013\/07\/jan-muszynski-224x300.jpg 224w, http:\/\/blog.piekarska.com.pl\/wp-content\/uploads\/2013\/07\/jan-muszynski.jpg 763w\" sizes=\"auto, (max-width: 224px) 100vw, 224px\" \/><\/a>Ulubiony jest obywatelem Ukrainy. Jego pradziadek Jan (o\u017ceniony z Helen\u0105 z domu Kr\u00f3l) mia\u0142 wielkie po\u0142acie ziemi pod Stanis\u0142awowem (obecnie Iwano-Frankiwsk). W sk\u0142ad maj\u0105tku wchodzi\u0142a m.in. stajnia i stadnina koni na 150 rumak\u00f3w. W czasie owego \u201eludob\u00f3jstwa\u201d lub, jak wol\u0105 nasi parlamentarzy\u015bci \u201eczystek etnicznych o znamionach ludob\u00f3jstwa\u201d wymordowano mu syn\u00f3w (powieszenie, siekier\u0105 w \u0142eb, kulka w \u0142eb itd.). Przy \u017cyciu zosta\u0142a tylko jedna c\u00f3rka, kt\u00f3ra po wojnie wyjecha\u0142a na tak zwane \u201eziemie odzyskane\u201d i zamieszka\u0142a w okolicach Zielonej G\u00f3ry. Z syn\u00f3w ocala\u0142 tylko najm\u0142odszy \u2013 16-letni Jakub \u2013 dziadek Ulubionego. Jakie\u015b dwa lata temu w ksi\u0119gach zabu\u017ca\u0144skich odebrali\u015bmy dziadkowy akt urodzenia. Szczeg\u00f3\u0142owo te\u017c notowali\u015bmy wszystkich braci dziadka Jakuba, kt\u00f3rym nie dane by\u0142o si\u0119 ani o\u017ceni\u0107 ani rozmno\u017cy\u0107. Ulubiony niewiele wiedzia\u0142 o tym, co dok\u0142adnie si\u0119 sta\u0142o. Dziadek ukrywa\u0142 przesz\u0142o\u015b\u0107. \u017bycie Polak\u00f3w w ZSRR nie by\u0142o bowiem us\u0142ane r\u00f3\u017cami. Ci, kt\u00f3rzy manifestowali swoj\u0105 polsko\u015b\u0107 rzadko zdobywali wykszta\u0142cenie. Gdy w 2009 roku robi\u0142am reporta\u017c: \u201eKto ty jeste\u015b\u201d pozna\u0142am histori\u0119 takich ludzi. Bez wykszta\u0142cenia, z marnymi dochodami i bez perspektyw.<\/p>\n<p><iframe loading=\"lazy\" title=\"Kto ty jeste\u015b? - autor: Ma\u0142gorzata Karolina Piekarska (2009\/2010)\" width=\"500\" height=\"375\" src=\"https:\/\/www.youtube.com\/embed\/gSVvKa11tew?feature=oembed\" frameborder=\"0\" allow=\"accelerometer; autoplay; clipboard-write; encrypted-media; gyroscope; picture-in-picture; web-share\" referrerpolicy=\"strict-origin-when-cross-origin\" allowfullscreen><\/iframe><\/p>\n<p>Dziadek Ulubionego liczy\u0142 chyba na to, \u017ce w\u0142adza sowiecka nie b\u0119dzie wieczna. W przeciwie\u0144stwie do siostry Rozalii nie wyjecha\u0142 spod Stanis\u0142awowa. Liczy\u0142, \u017ce wielka ziemia, kiedy\u015b wr\u00f3ci w r\u0119ce rodziny. Ulubiony opowiada\u0142, \u017ce gdy jako dziecko przyje\u017cd\u017ca\u0142 do dziadk\u00f3w, oprowadzali go po wsi i pokazuj\u0105c cudze pola opowiadali, \u017ce kiedy\u015b to by\u0142o ich. Gdy pyta\u0142, czemu ju\u017c nie jest, dziadek wpada\u0142 w sza\u0142 i opr\u00f3cz wielu s\u0142\u00f3w wykrzykiwa\u0142 jedno, kt\u00f3re brzmia\u0142o\u2026 \u201ekurwa\u201d, a do\u015b\u0107 szybko sta\u0142o si\u0119 (o ironio!) pierwszym polskim s\u0142owem Ulubionego.<\/p>\n<p>Dziadek chcia\u0142, by dzieci by\u0142y wykszta\u0142cone. Stawia\u0142 na nauk\u0119 i prac\u0119. Polskie dokumenty zniszczy\u0142. Ocala\u0142a jedna fotografia jego ojca (Jana) w mundurze. \u201eNa szcz\u0119\u015bcie\u201d dla rodziny nie wida\u0107 by\u0142o, co to za mundur. Ulubiony mia\u0142 16-lat, gdy zdecydowa\u0142 si\u0119, \u017ce chce mieszka\u0107 w Polsce. Jeszcze jako nastoletni ch\u0142opczyk pojecha\u0142 z wycieczk\u0105 do \u0141a\u0144cuta, kt\u00f3ry zrobi\u0142 na nim ogromne wra\u017cenie. Starania o wyjazd do Polski zaj\u0119\u0142y mu kolejne cztery. Przez ten czas sko\u0144czy\u0142 m.in. polsk\u0105 szko\u0142\u0119 im. J\u00f3zefa Tischnera, w kt\u00f3rej dog\u0142\u0119bnie poznawa\u0142 i polski j\u0119zyk i polsk\u0105 kultur\u0119. Dzi\u015b tu mieszka i j\u0105 tworzy\u2026 Pisz\u0119 o tym, bo w pi\u0105tek parlament uchwali\u0142 to, co uchwali\u0142, a jednocze\u015bnie w ten sam dzie\u0144 ja posz\u0142am po raz kolejny na policj\u0119 sk\u0142ada\u0107 zeznania w sprawie\u2026 szykanowania Ulubionego z powodu pochodzenia. Bo tak to jest, \u017ce w kraju, w kt\u00f3rym g\u0119by mamy pe\u0142ne frazes\u00f3w, pieklimy si\u0119 czy to na Wo\u0142yniu to by\u0142o sformu\u0142owanie \u201eludob\u00f3jstwo\u201d czy \u201eczystka etniczna o znamionach ludob\u00f3jstwa\u201d jednocze\u015bnie niemal ka\u017cdego, kto stamt\u0105d przyjecha\u0142 obrzucamy b\u0142otem i traktujemy jak cz\u0142owieka gorszej kategorii.<\/p>\n<p>Od kiedy razem mieszkamy \u015brednio raz w miesi\u0105cu s\u0105siadka wzywa na Ulubionego policj\u0119. Preteksty s\u0105 r\u00f3\u017cne, ale\u2026 w ostatecznym rozrachunku wychodzi, \u017ce przyczyn\u0105 jest jego pochodzenie. Kilka razy grozi\u0142a mu deportacj\u0105. Nie wiem, czy wierzy\u0142a, \u017ce uda si\u0119 jej to osi\u0105gn\u0105\u0107, ale pewnego dnia przyjecha\u0142a do nas policja w celu znalezienia nielegalnych emigrant\u00f3w ze wschodu.<\/p>\n<p>&#8211; Czy mieszka tu Misza? \u2013 Spytali Ulubionego, kt\u00f3ry zgodnie z prawd\u0105 odpowiedzia\u0142, \u017ce \u017cadnego Miszy w domu nie ma.<br \/>\n&#8211; A kto tu mieszka? \u2013 Indagowali przedstawiciele w\u0142adzy.<br \/>\n&#8211; Ja z \u017con\u0105 i syn \u017cony z pierwszego ma\u0142\u017ce\u0144stwa.<br \/>\n&#8211; A jacy\u015b Ukrai\u0144cy?<br \/>\n&#8211; Ja jestem z Ukrainy, ale nie mam na imi\u0119 Misza \u2013 odpar\u0142 Ulubiony, wpu\u015bci\u0142 policj\u0119 do mieszkania i pokaza\u0142 dokumenty.<br \/>\n&#8211; A my\u015bmy my\u015bleli, \u017ce jak z Ukrainy to Misza &#8211; powiedzia\u0142 pan policjant, a pani policjantka po chwili krzykn\u0119\u0142a zdumiona:<br \/>\n&#8211; Ale pan ma kart\u0119 sta\u0142ego pobytu wa\u017cn\u0105 do 2023 roku!<br \/>\n&#8211; A czemu mam mie\u0107 niewa\u017cn\u0105? Dokumenty s\u0105 wydawane na dziesi\u0119\u0107 lat. Polskie dowody osobiste r\u00f3wnie\u017c.<\/p>\n<p>Szybko oboje domy\u015blili\u015bmy si\u0119, komu zawdzi\u0119czali\u015bmy wizyt\u0119 str\u00f3\u017c\u00f3w prawa i szczeg\u00f3\u0142owe analizowanie dokument\u00f3w. Oczywi\u015bcie s\u0105siadce, kt\u00f3ra kilka dni p\u00f3\u017aniej nie omieszka\u0142a powiedzie\u0107, \u017ce dokumenty Ulubionego s\u0105 na pewno fa\u0142szywe i zrobione przez przyjaci\u00f3\u0142 ukrai\u0144skich bandyt\u00f3w.<\/p>\n<p>C\u00f3\u017c\u2026 na porz\u0105dku dziennym s\u0105 wydobywaj\u0105ce si\u0119 z jej ust okrzyki: \u201eTu jest Polska! Prosz\u0119 wraca\u0107 do siebie!\u201d I tak dalej\u2026 Gdy Ulubiony jest w ogrodzie i pojawia si\u0119 tam s\u0105siadka, niemal ka\u017cdy przechodzie\u0144 informowany jest o pochodzeniu Ulubionego s\u0142owami: \u201eTo Ukrainiec jest\u201d, a ostatnio, gdy podczas kolejnej \u201ewizyty\u201d Policji i kontroli dokument\u00f3w dowiedzia\u0142a si\u0119, \u017ce Ulubiony urodzi\u0142 si\u0119 w Moskwie, pojawi\u0142a si\u0119 wersja: \u201eTo Rusek\u201d lub bardziej poprawna politycznie \u201eto Rosjanin\u201d. S\u0105siadka, kt\u00f3ra nie jest staruszk\u0105, ale osob\u0105 w moim wieku i na dodatek posiada trzy fakultety (w tym uko\u0144czone prawo!), pozosta\u0142a g\u0142ucha na moj\u0105 uwag\u0119, \u017ce miejsce zamieszkania nie \u015bwiadczy o narodowo\u015bci, bo gdyby tak by\u0142o, to rodz\u0105cy si\u0119 w Warszawie Wietnamczycy byliby automatycznie Polakami.<\/p>\n<p>Ukraina, jak niegdy\u015b PRL, nie przewiduje w swoim prawie posiadania podw\u00f3jnego obywatelstwa. Polska za\u015b pozwala pracowa\u0107 i \u017cy\u0107 obywatelom innych pa\u0144stw. St\u0105d decyzja Ulubionego o \u017cyciu z takim a nie innym statusem. Znam wielu obywateli innych pa\u0144stw, kt\u00f3rzy na tej samej zasadzie mieszkaj\u0105 w Polsce. S\u0105 to Anglicy, S\u0142owacy, Czesi czy W\u0119grzy. A jednak to Ci, kt\u00f3rzy s\u0105 ze wschodu traktowani s\u0105 w tak ksenofobiczny spos\u00f3b. Dlatego codziennie my\u015bl\u0119, \u017ce ta \u201enowa-stara\u201d Ojczyzna nie jest \u0142askawa dla takich, jak Ulubiony. My jej mieszka\u0144cy i obywatele nie jeste\u015bmy \u0142askawi. My nie jeste\u015bmy \u017cyczliwi. M\u00f3j najlepszy przyjaciel z dzieci\u0144stwa wykrzycza\u0142 mi w swoim czasie, \u017ce prawdziwy Polak nigdy nie wychodzi za m\u0105\u017c ani nie \u017ceni si\u0119 obcokrajowcem. Mia\u0142o to dotyczy\u0107 nawet nie tyle mnie (cho\u0107 mnie r\u00f3wnie\u017c), ile ojca Ulubionego, kt\u00f3ry o\u017ceni\u0142 si\u0119 z Ukraink\u0105. Gdy przypomnia\u0142am, \u017ce nasza kole\u017canka z klasy wysz\u0142a za Szwajcara &#8211; zamilk\u0142. I pomy\u015ble\u0107, \u017ce teoretycznie dla katolik\u00f3w, jakimi podobno jeste\u015bmy, (bo \u201ekto Polak to Katolik\u201d) mi\u0142o\u015b\u0107 nie powinna mie\u0107 granic. To m\u00f3j najlepszy przyjaciel wykrzycza\u0142, \u017ce zdradzi\u0142am nar\u00f3d polski, a dziadek Ulubionego pewnie \u201espad\u0142 z wie\u017cyczki stra\u017cniczej w Ostaszkowie\u201d. Czy\u017c nasza Ojczyzna, o kt\u00f3rej ci\u0105gle m\u00f3wimy, ze przez lata by\u0142a krajem bez stos\u00f3w i krajem tolerancji religijnej nie powinna by\u0107 nadal otwarta dla ka\u017cdego, kto chce w niej mieszka\u0107? Ostatnio wyczyta\u0142am w jednym z artyku\u0142\u00f3w historycznych, \u017ce przed wojn\u0105 2% mieszka\u0144c\u00f3w Polski wpisa\u0142o w rubryk\u0119 narodowo\u015b\u0107 \u201etutejsi\u201d. \u00a0Kto z nas jest dzi\u015b tutejszy?<\/p>\n<p>\u201eLudob\u00f3jstwo\u201d czy \u201eczystka etniczna o znamionach ludob\u00f3jstwa\u201d? W chwili, gdy okazuje si\u0119, \u017ce tworzy si\u0119 nowy podzia\u0142 na prawdziwych Polak\u00f3w zwolennik\u00f3w sformu\u0142owania \u201eludob\u00f3jstwo\u201d i nieprawdziwych, czyli zwolennik\u00f3w sformu\u0142owania \u201eczystka etniczna o znamionach ludob\u00f3jstwa\u201d chc\u0119 nie\u015bmia\u0142o spyta\u0107 gdzie jest miejsce dla potomk\u00f3w tych, kt\u00f3rzy prze\u017cyli owe \u201eludob\u00f3jstwo\u201d czy te\u017c \u201eczystk\u0119 etniczn\u0105 o znamionach ludob\u00f3jstwa\u201d? Z zachowania s\u0105siadki, ze s\u0142\u00f3w mojego przyjaciela z dzieci\u0144stwa wnioskuj\u0119, \u017ce nie w Polsce. Bo Polska dla Polak\u00f3w. A kto to jest Polak? No i czy nie mo\u017ce by\u0107 ona te\u017c dla tych, kt\u00f3rzy czuj\u0105 si\u0119 \u201etutejsi\u201d? Nie mo\u017ce zn\u00f3w by\u0107 otwarta dla ka\u017cdego, kto chce tu mieszka\u0107? Nie mo\u017ce zn\u00f3w by\u0107 tolerancyjnym pa\u0144stwem bez stos\u00f3w?<\/p>\n<p>PS Na zdj\u0119ciach pradziadek ulubionego Jan Muszy\u0144ski.<\/p>\n<p>PS 2. O ironio dzi\u015b Ulubiony gra sw\u00f3j monodram, kt\u00f3ry powsta\u0142 w oparciu o patriotyczne listy mojego pradziadka do swojej \u017cony&#8230; Listy pe\u0142ne sformu\u0142owa\u0144: \u00a0\u201ete dranie kacapy!\u201d<\/p>\n<p><iframe loading=\"lazy\" title=\"&quot;Listy do Skr\u0119cipitki&quot; - monodram Zacharjasza Muszy\u0144skiego (oficjalny zwiastun)\" width=\"500\" height=\"281\" src=\"https:\/\/www.youtube.com\/embed\/xPPmfOojKo0?feature=oembed\" frameborder=\"0\" allow=\"accelerometer; autoplay; clipboard-write; encrypted-media; gyroscope; picture-in-picture; web-share\" referrerpolicy=\"strict-origin-when-cross-origin\" allowfullscreen><\/iframe><\/p>\n","protected":false},"excerpt":{"rendered":"<p>W pi\u0105tek sejm nie przyj\u0105\u0142 kluczowej poprawki do uchwa\u0142y upami\u0119tniaj\u0105cej zbrodni\u0119 wo\u0142y\u0144sk\u0105. W uchwale Sejmu nie pojawi si\u0119 wi\u0119c sformu\u0142owanie \u201eludob\u00f3jstwo\u201d w miejsce okre\u015blenia \u201eczystka etnicznej o znamionach ludob\u00f3jstwa\u201d. Za poprawk\u0105 by\u0142o 212 pos\u0142\u00f3w, przeciw &#8211; 222, a 3 wstrzyma\u0142o si\u0119 od g\u0142osu. Jest to&#8230;<\/p>\n<div class=\"easywp-readmore\"><a class=\"read-more-link\" href=\"http:\/\/blog.piekarska.com.pl\/?p=3703\">Czytaj dalej&#8230;<span class=\"easywp-sr-only\">  Mi\u0119dzy nami Polakami, czyli tolerancja ze stosem<\/span><\/a><\/div>\n","protected":false},"author":1,"featured_media":0,"comment_status":"closed","ping_status":"open","sticky":false,"template":"","format":"standard","meta":{"_crdt_document":"","footnotes":""},"categories":[5,9,11],"tags":[735,1396,1482],"class_list":["post-3703","post","type-post","status-publish","format-standard","hentry","category-kultura","category-spoleczenstwo","category-prywatne","tag-ludobojstwo","tag-ukraina","tag-wolyn","wpcat-5-id","wpcat-9-id","wpcat-11-id"],"_links":{"self":[{"href":"http:\/\/blog.piekarska.com.pl\/index.php?rest_route=\/wp\/v2\/posts\/3703","targetHints":{"allow":["GET"]}}],"collection":[{"href":"http:\/\/blog.piekarska.com.pl\/index.php?rest_route=\/wp\/v2\/posts"}],"about":[{"href":"http:\/\/blog.piekarska.com.pl\/index.php?rest_route=\/wp\/v2\/types\/post"}],"author":[{"embeddable":true,"href":"http:\/\/blog.piekarska.com.pl\/index.php?rest_route=\/wp\/v2\/users\/1"}],"replies":[{"embeddable":true,"href":"http:\/\/blog.piekarska.com.pl\/index.php?rest_route=%2Fwp%2Fv2%2Fcomments&post=3703"}],"version-history":[{"count":2,"href":"http:\/\/blog.piekarska.com.pl\/index.php?rest_route=\/wp\/v2\/posts\/3703\/revisions"}],"predecessor-version":[{"id":139749,"href":"http:\/\/blog.piekarska.com.pl\/index.php?rest_route=\/wp\/v2\/posts\/3703\/revisions\/139749"}],"wp:attachment":[{"href":"http:\/\/blog.piekarska.com.pl\/index.php?rest_route=%2Fwp%2Fv2%2Fmedia&parent=3703"}],"wp:term":[{"taxonomy":"category","embeddable":true,"href":"http:\/\/blog.piekarska.com.pl\/index.php?rest_route=%2Fwp%2Fv2%2Fcategories&post=3703"},{"taxonomy":"post_tag","embeddable":true,"href":"http:\/\/blog.piekarska.com.pl\/index.php?rest_route=%2Fwp%2Fv2%2Ftags&post=3703"}],"curies":[{"name":"wp","href":"https:\/\/api.w.org\/{rel}","templated":true}]}}