{"id":2948,"date":"2013-01-22T17:35:31","date_gmt":"2013-01-22T16:35:31","guid":{"rendered":"http:\/\/piekarska.blog.pl\/?p=2948"},"modified":"2013-01-22T17:35:31","modified_gmt":"2013-01-22T16:35:31","slug":"nieublagany-czas","status":"publish","type":"post","link":"http:\/\/blog.piekarska.com.pl\/?p=2948","title":{"rendered":"Nieub\u0142agany czas"},"content":{"rendered":"<p>Poniewa\u017c zmog\u0142a mnie choroba, wi\u0119c pewnie dlatego wolniej dzi\u015b my\u015bl\u0119 i kojarz\u0119 fakty. Nie znaczy to jednak, \u017ce w og\u00f3le nie kojarz\u0119. W\u0142a\u015bnie wyczyta\u0142am na kt\u00f3rym\u015b z portali w sieci, \u017ce <em>\u201ePolacy na temat powstania <\/em>(styczniowego &#8211; przyp. MKP) <em>wiedz\u0105 niewiele. Tylko 31 proc. z nas wie, \u017ce powstanie styczniowe by\u0142o w XIX wieku, a cz\u0119\u015b\u0107 my\u015bli, \u017ce walczyli\u015bmy wtedy z hitlerowcami &#8211; wynika z sonda\u017cu przeprowadzonego przez TNS Polska.\u201d<\/em><\/p>\n<p>Zacz\u0119\u0142am zachodzi\u0107 w g\u0142ow\u0119 jak to jest mo\u017cliwe. Dla mnie data powstania styczniowego by\u0142a jedn\u0105 z prostszych. Jak to kiedy\u015b powiedzia\u0142 jeden z bohater\u00f3w \u201eG\u0142owy na Tranzystorach\u201d Hanny O\u017cogowskiej \u201ewystarczy przestawi\u0107 \u015brodkowe cyfry w odsieczy wiede\u0144skiej.\u201d My\u015bl\u0105c o prostocie daty zapomnia\u0142am jednak (a to na pewno wina podwy\u017cszonej temperatury), \u017ce trzeba najpierw wiedzie\u0107, co to ta cholerna odsiecz i kiedy by\u0142a. No c\u00f3\u017c\u2026 odsiecz wiede\u0144ska 1683, a co za tym idzie powstanie styczniowe 1863. Proste, prawda?<\/p>\n<p><img loading=\"lazy\" decoding=\"async\" class=\"alignleft size-full wp-image-2949\" src=\"http:\/\/piekarska.blog.pl\/files\/2013\/01\/Wilhelm_Muldner1841-1887.jpg\" alt=\"\" width=\"306\" height=\"553\" \/><\/p>\n<p>Nauka historii zesz\u0142a w Polsce tak na psy, \u017ce czasem my\u015bl\u0119, \u017ce dobrze, \u017ce moja mama nie \u017cyje, bo czytaj\u0105c te wyniki bada\u0144 umar\u0142aby drugi raz. Zawsze twierdzi\u0142a, \u017ce moje pokolenie jest niedouczone, ze ma luki w g\u0142owie z wiedzy historycznej, \u017ce to, czego nas ucz\u0105 w szko\u0142ach to dno, \u017ce to, co w naszych podr\u0119cznikach do historii wo\u0142a o pomst\u0119 do nieba. No to mamy! Nowe podr\u0119czniki, nowe nauczanie i dziury w m\u00f3zgownicach.<\/p>\n<p>Gdy wyczyta\u0142am, ze wi\u0119kszo\u015b\u0107 my\u015bli, \u017ce powstanie styczniowe by\u0142o walk\u0105 z hitlerowcami za\u0142ama\u0142am si\u0119. Zero wiedzy o brance, o Romku Traugucie itd. I tak my\u015bl\u0119\u2026 czy nie jest to spowodowane brakiem wiedzy o rodzinie? 150 lat po powstaniu styczniowym to sze\u015b\u0107 pokole\u0144. Tymczasem przeci\u0119tny cz\u0142owiek cz\u0119sto nie zna panie\u0144skiego nazwiska babci, a co dopiero prababci. (Cho\u0107 Wa\u0144kowicz mawia\u0142: \u201eNie podam swojej reki nikomu, kto nie zna nazwiska prababki z domu\u201d, ale&#8230; kto dzi\u015b wie kim by\u0142 Melchior Wa\u0144kowicz?) Mo\u017ce gdyby zna\u0142, gdyby wiedzia\u0142, co jego przodkowie robili w 1863 roku by\u0142oby inaczej? Mo\u017ce&#8230;<\/p>\n<p>Kilka dni przed 150 rocznic\u0105 wybuchu powstania styczniowego dosta\u0142am list od kolegi ze Stowarzyszenia Pisarzy Polskich \u2013 Piotra M\u00fcldner-Nieckowskiego. Przys\u0142a\u0142 mi s\u0142\u00f3wko o swoim praszczurze. S\u0142\u00f3wko z litografi\u0105.<\/p>\n<p><a href=\"http:\/\/piekarska.blog.pl\/files\/2013\/01\/michal_piekarski.jpeg\" target=\"_blank\"><img loading=\"lazy\" decoding=\"async\" class=\"alignright size-full wp-image-2950\" src=\"http:\/\/piekarska.blog.pl\/files\/2013\/01\/michal_piekarski.jpeg\" alt=\"\" width=\"262\" height=\"418\" \/><\/a>I tak sobie pomy\u015bla\u0142am\u2026 Niekt\u00f3rzy wiedz\u0119 sprzed wiek\u00f3w przekazuj\u0105 z pokolenia na pokolenie. Inni\u2026 nie wiedz\u0105, co przekazywa\u0107. Gdzie\u015b to umiera mi\u0119dzy\u00a0 jednym, a drugim rachunkiem za pr\u0105d.<\/p>\n<p>Ja wiem, \u017ce m\u00f3j prapradziadek Micha\u0142 Piekarski (syn Jana i Julianny z Dobrza\u0144skich) by\u0142 uczestnikiem powstania styczniowego (zachowa\u0142o si\u0119 jego zdj\u0119cie zrobione w 1863 roku). Nie m\u00f3g\u0142 zreszt\u0105 nie by\u0107 powsta\u0144cem. Jego ojciec Pawe\u0142 (mieszkaj\u0105cy w Warszawie przy ulicy Podwal) bra\u0142 udzia\u0142 w powstaniu listopadowym.<\/p>\n<p><a rel=\"attachment wp-att-2951\" href=\"http:\/\/piekarska.blog.pl\/?attachment_id=2951\" target=\"_blank\"><br \/>\n<\/a><img loading=\"lazy\" decoding=\"async\" class=\"alignleft size-full wp-image-2951\" src=\"http:\/\/piekarska.blog.pl\/files\/2013\/01\/IMG_9072.jpg\" alt=\"\" width=\"339\" height=\"410\" \/>Wiem, \u017ce moja praprababcia Emila z Wr\u00f3blewskich Adamska (babcia mojej babci Janiny Piekarskiej) pomaga\u0142a osadzonym w radomskim wi\u0119zieniu powsta\u0144cowi styczniowemu. \u017be w zamian za t\u0119 pomoc dosta\u0142a od niego obrazek. Do dzi\u015b wisi on u mnie w salonie obok krzy\u017ca z grobu mojego stryja, kt\u00f3ry zgin\u0105\u0142 w powstaniu warszawskim. Zaraz obok\u2026 pierwsza ofiara Artura Grottgera. Bardzo wymowna. Zar\u00f3wno w kontek\u015bcie powstania styczniowego, jak i warszawskiego.<\/p>\n<p>I tak my\u015bl\u0119, \u017ce pami\u0119\u0107 o wydarzeniach \u017cyje w narodzie dop\u00f3ki w domach jest przekazywana z pokolenia na pokolenie. Jak nie jest \u2013 staje si\u0119 pust\u0105 kartka w nudnym podr\u0119czniku. Powstanie styczniowe takim si\u0119 sta\u0142o. I \u017cadne huczne obchody tu nie pomog\u0105. Czas jest nieub\u0142agany.<\/p>\n","protected":false},"excerpt":{"rendered":"<p>Poniewa\u017c zmog\u0142a mnie choroba, wi\u0119c pewnie dlatego wolniej dzi\u015b my\u015bl\u0119 i kojarz\u0119 fakty. Nie znaczy to jednak, \u017ce w og\u00f3le nie kojarz\u0119. W\u0142a\u015bnie wyczyta\u0142am na kt\u00f3rym\u015b z portali w sieci, \u017ce \u201ePolacy na temat powstania (styczniowego &#8211; przyp. MKP) wiedz\u0105 niewiele. Tylko 31 proc. z&#8230;<\/p>\n<div class=\"easywp-readmore\"><a class=\"read-more-link\" href=\"http:\/\/blog.piekarska.com.pl\/?p=2948\">Czytaj dalej&#8230;<span class=\"easywp-sr-only\">  Nieub\u0142agany czas<\/span><\/a><\/div>\n","protected":false},"author":1,"featured_media":0,"comment_status":"closed","ping_status":"open","sticky":false,"template":"","format":"standard","meta":{"_crdt_document":"","footnotes":""},"categories":[5,11],"tags":[695,1081],"class_list":["post-2948","post","type-post","status-publish","format-standard","hentry","category-kultura","category-prywatne","tag-kultura-2","tag-powstanie-styczniowe","wpcat-5-id","wpcat-11-id"],"_links":{"self":[{"href":"http:\/\/blog.piekarska.com.pl\/index.php?rest_route=\/wp\/v2\/posts\/2948","targetHints":{"allow":["GET"]}}],"collection":[{"href":"http:\/\/blog.piekarska.com.pl\/index.php?rest_route=\/wp\/v2\/posts"}],"about":[{"href":"http:\/\/blog.piekarska.com.pl\/index.php?rest_route=\/wp\/v2\/types\/post"}],"author":[{"embeddable":true,"href":"http:\/\/blog.piekarska.com.pl\/index.php?rest_route=\/wp\/v2\/users\/1"}],"replies":[{"embeddable":true,"href":"http:\/\/blog.piekarska.com.pl\/index.php?rest_route=%2Fwp%2Fv2%2Fcomments&post=2948"}],"version-history":[{"count":0,"href":"http:\/\/blog.piekarska.com.pl\/index.php?rest_route=\/wp\/v2\/posts\/2948\/revisions"}],"wp:attachment":[{"href":"http:\/\/blog.piekarska.com.pl\/index.php?rest_route=%2Fwp%2Fv2%2Fmedia&parent=2948"}],"wp:term":[{"taxonomy":"category","embeddable":true,"href":"http:\/\/blog.piekarska.com.pl\/index.php?rest_route=%2Fwp%2Fv2%2Fcategories&post=2948"},{"taxonomy":"post_tag","embeddable":true,"href":"http:\/\/blog.piekarska.com.pl\/index.php?rest_route=%2Fwp%2Fv2%2Ftags&post=2948"}],"curies":[{"name":"wp","href":"https:\/\/api.w.org\/{rel}","templated":true}]}}