{"id":2421,"date":"2011-12-19T20:48:17","date_gmt":"2011-12-19T18:48:17","guid":{"rendered":"http:\/\/piekarska.blog.pl\/?p=2421"},"modified":"2011-12-19T20:48:17","modified_gmt":"2011-12-19T18:48:17","slug":"jest-pan-glupi-w-imie-ojca-i-syna-a-to-polska-wlasnie-2","status":"publish","type":"post","link":"http:\/\/blog.piekarska.com.pl\/?p=2421","title":{"rendered":"Jest pan g\u0142upi w imi\u0119 Ojca i syna, a to Polska w\u0142a\u015bnie!"},"content":{"rendered":"<p>Tak w\u0142a\u015bciwie mog\u0119 stre\u015bci\u0107 zachowanie niekt\u00f3rych uczestnicz\u0105cych w pogrzebie Violetty Villas. Nigdy nie lubi\u0142am t\u0142um\u00f3w, a z tym mia\u0142am do czynienia dzi\u015b na Starych Pow\u0105zkach gdzie z kamer\u0105 pojecha\u0142am pochowa\u0107 artystk\u0119. Ludzie czytaj\u0105 gazety, s\u0142uchaj\u0105 radia i ogl\u0105daj\u0105 telewizj\u0119, ale gdy spotykaj\u0105 dziennikarzy nie s\u0105 im przychylni. Poniek\u0105d to rozumiem, wi\u0119c pomin\u0119 milczeniem odzywki do mnie czy moich kole\u017canek i koleg\u00f3w po fachu. Jednak to, jak ludzie odzywali si\u0119 do siebie (sic!) podczas ostatniej drogi, b\u0105d\u017a co b\u0105d\u017a gwiazdy sprawi\u0142o, \u017ce \u017ca\u0142owa\u0142am, \u017ce pada mi bateria w telefonie i nie mog\u0119 nagra\u0107 tych \u201ecudownych\u201d rozm\u00f3w na dyktafon. Przy nich teksty ze starego kawa\u0142u\u2026<br \/>\n<em>&#8211; Pan si\u0119 nie pcha tak na chama.<br \/>\n&#8211; A bo to cz\u0142owiek wie, na kogo si\u0119 pcha?<br \/>\n<\/em>\u2026 to przys\u0142owiowy piku\u015b!<\/p>\n<p>&#8211; Pani to jest g\u0142upia! \u2013 jedna pani do drugiej tu\u017c przed ko\u015bcio\u0142em!<br \/>\n&#8211; Cicho moherze! \u2013 odpar\u0142 pan b\u0119d\u0105cy z \u201eg\u0142upi\u0105\u201d pani\u0105.<br \/>\n&#8211; Wypierdalaj! Ja tu sta\u0142am! \u2013 inna pani do innego pana.<br \/>\n&#8211; Kultury stara ma\u0142po! \u2013 jeszcze inny pan do tej pani.<br \/>\n&#8211; Pani to tu nie powinna by\u0107!<\/p>\n<p>Nad grobem nie by\u0142o lepiej.<\/p>\n<p>&#8211; Prosz\u0119 mnie przepu\u015bci\u0107.<br \/>\n&#8211; Gdzie? Po grobie chce pani chdozi\u0107?<br \/>\n&#8211; Przecie\u017c ten gr\u00f3b ma ze sto lat i tam ju\u017c nic w nim nie ma!<br \/>\n&#8211; Nic to pani w g\u0142owie nie ma!<br \/>\n&#8211; Czy mog\u0119 stan\u0105\u0107 ko\u0142o pana na tym grobie?<br \/>\n&#8211; Na g\u0142ow\u0119 niech pani jeszcze komu\u015b wlezie!<br \/>\nObok k\u0142\u00f3tni rozmowa fan\u00f3w:<br \/>\n&#8211; A ta opiekunka b\u0119dzie?<br \/>\n&#8211; Opiekunka to si\u0119 opiekowa\u0142a do \u015bmierci, a teraz jest ju\u017c po \u015bmierci i ona tu ju\u017c nie ma nic do roboty!<br \/>\n&#8211; A pan sk\u0105d to wie?<br \/>\n&#8211; Nikt jej tu przyj\u015b\u0107 nie zabroni. Mo\u017ce b\u0119dzie.<br \/>\n&#8211; Nie b\u0119dzie, bo nie ma prawa tu by\u0107!<br \/>\n&#8211; G\u0142upi pan jeste\u015b! Ma prawo! Ka\u017cdy ma prawo!<br \/>\n&#8211; Sama pani jest g\u0142upia!<br \/>\nK\u0142\u00f3tni\u0119 przerwa\u0142o dono\u015bne, bo powiedziane przez mikrofon:<br \/>\n&#8211; W imi\u0119 Ojca\u2026<br \/>\n&#8211; &#8230; i syna i Ducha \u015bwi\u0119tego &#8211; odpowiedzieli wszyscy, kt\u00f3rzy przed chwil\u0105 si\u0119 k\u0142ocili i wyzywali od ostatnich. \u00a0<br \/>\nA to Polska w\u0142a\u015bnie!<\/p>\n","protected":false},"excerpt":{"rendered":"<p>Tak w\u0142a\u015bciwie mog\u0119 stre\u015bci\u0107 zachowanie niekt\u00f3rych uczestnicz\u0105cych w pogrzebie Violetty Villas. Nigdy nie lubi\u0142am t\u0142um\u00f3w, a z tym mia\u0142am do czynienia dzi\u015b na Starych Pow\u0105zkach gdzie z kamer\u0105 pojecha\u0142am pochowa\u0107 artystk\u0119. Ludzie czytaj\u0105 gazety, s\u0142uchaj\u0105 radia i ogl\u0105daj\u0105 telewizj\u0119, ale gdy spotykaj\u0105 dziennikarzy nie s\u0105&#8230;<\/p>\n<div class=\"easywp-readmore\"><a class=\"read-more-link\" href=\"http:\/\/blog.piekarska.com.pl\/?p=2421\">Czytaj dalej&#8230;<span class=\"easywp-sr-only\">  Jest pan g\u0142upi w imi\u0119 Ojca i syna, a to Polska w\u0142a\u015bnie!<\/span><\/a><\/div>\n","protected":false},"author":1,"featured_media":0,"comment_status":"closed","ping_status":"open","sticky":false,"template":"","format":"standard","meta":{"_crdt_document":"","footnotes":""},"categories":[4,5],"tags":[77,314,695,1220,1420],"class_list":["post-2421","post","type-post","status-publish","format-standard","hentry","category-dziennikarstwo","category-kultura","tag-anegdoty","tag-dziennikarstwo-2","tag-kultura-2","tag-smierc","tag-violetta-villas","wpcat-4-id","wpcat-5-id"],"_links":{"self":[{"href":"http:\/\/blog.piekarska.com.pl\/index.php?rest_route=\/wp\/v2\/posts\/2421","targetHints":{"allow":["GET"]}}],"collection":[{"href":"http:\/\/blog.piekarska.com.pl\/index.php?rest_route=\/wp\/v2\/posts"}],"about":[{"href":"http:\/\/blog.piekarska.com.pl\/index.php?rest_route=\/wp\/v2\/types\/post"}],"author":[{"embeddable":true,"href":"http:\/\/blog.piekarska.com.pl\/index.php?rest_route=\/wp\/v2\/users\/1"}],"replies":[{"embeddable":true,"href":"http:\/\/blog.piekarska.com.pl\/index.php?rest_route=%2Fwp%2Fv2%2Fcomments&post=2421"}],"version-history":[{"count":0,"href":"http:\/\/blog.piekarska.com.pl\/index.php?rest_route=\/wp\/v2\/posts\/2421\/revisions"}],"wp:attachment":[{"href":"http:\/\/blog.piekarska.com.pl\/index.php?rest_route=%2Fwp%2Fv2%2Fmedia&parent=2421"}],"wp:term":[{"taxonomy":"category","embeddable":true,"href":"http:\/\/blog.piekarska.com.pl\/index.php?rest_route=%2Fwp%2Fv2%2Fcategories&post=2421"},{"taxonomy":"post_tag","embeddable":true,"href":"http:\/\/blog.piekarska.com.pl\/index.php?rest_route=%2Fwp%2Fv2%2Ftags&post=2421"}],"curies":[{"name":"wp","href":"https:\/\/api.w.org\/{rel}","templated":true}]}}