{"id":2312,"date":"2011-04-25T19:10:10","date_gmt":"2011-04-25T17:10:10","guid":{"rendered":"http:\/\/piekarska.blog.pl\/?p=2312"},"modified":"2011-04-25T19:10:10","modified_gmt":"2011-04-25T17:10:10","slug":"z-jakich-powodow-czyli-wokol-czego-kreci-sie-psi-swiat-2","status":"publish","type":"post","link":"http:\/\/blog.piekarska.com.pl\/?p=2312","title":{"rendered":"Z jakich powod\u00f3w? Czyli wok\u00f3\u0142 czego kr\u0119ci si\u0119 psi \u015bwiat?"},"content":{"rendered":"<p>Coraz cz\u0119\u015bciej czytam zar\u00f3wno w prasie, jak i w internecie, artyku\u0142y o psach, nad kt\u00f3rymi kto\u015b si\u0119 zn\u0119ca\u0142. Suka z wrastaj\u0105cym \u0142a\u0144cuchem. Pies z po\u0142amanymi \u0142apami. Koszmary mno\u017c\u0105 si\u0119 i czasem w mediach jest ich wysyp, jak grzyb\u00f3w po deszczu. Patrz\u0119 wtedy na swoj\u0105 jamnicz\u0105 \u201ebesti\u0119\u201d i my\u015bli mam kilka.<\/p>\n<p>Przede wszystkim&#8230; ta moja wredna \u015bwinia \u015bpi&#8230; w \u0142\u00f3\u017cku i bywa, \u017ce w czasie snu potwornie zatruwa powietrze. \u017bre regularnie plus korzysta z ka\u017cdej mo\u017cliwej okazji, by co\u015b do jedzenia ukra\u015b\u0107. (Oboj\u0119tne czy ze \u015bmietnika, czy z lod\u00f3wki czy ze sto\u0142u.) Ostatniej nocy ukrad\u0142 p\u00f3\u0142 pomidora z kuchni. Mimo tego poza sk\u00f3rzan\u0105 obro\u017c\u0105 nie ma na szyi itd. \u017cadnych \u0142a\u0144cuch\u00f3w ani nic co by mu w sk\u00f3r\u0119 wrasta\u0142o. \u0141azi na spacery. A mimo tego potrafi za\u0142atwi\u0107 si\u0119 w domu i to tu\u017c po powrocie z takiego spaceru. Potrafi te\u017c wywali\u0107 z kosza \u015bmieci, jak zbyt d\u0142ugo nikogo nie ma w domu, i te \u015bmieci rozwlec po ca\u0142ym mieszkaniu.<\/p>\n<p>I tak zastanawiam si\u0119. Skoro ja swojemu wybaczam: kradzie\u017ce \u017carcia, rozrzucanie \u015bmieci, za\u0142atwianie si\u0119 w domu na pod\u0142og\u0119, zatruwanie powietrza w sypialni czy salonie \u00a0i nie wywalam go z p\u0119dz\u0105cego samochodu, nie przykuwam te\u017c w lesie do drzewa, to czy ja zwariowa\u0142am, czy \u015bwiat? A mo\u017ce po prostu tamte psy zrobi\u0142y co\u015b straszniejszego ni\u017c m\u00f3j? No bo czy\u017c mo\u017cliwe, by ludzie tak zn\u0119cali si\u0119 nad zwierz\u0119tami z samych siebie? Bez jakichkolwiek powod\u00f3w? A mo\u017ce chcieli w ten okrutny spos\u00f3b udowodni\u0107 swoim pupilom, \u017ce \u015bwiat nie kr\u0119ci si\u0119 wok\u00f3\u0142 ich ogona?<\/p>\n<p>Tylko po co to robi\u0107? Przecie\u017c m\u00f3wi si\u0119 \u201epieskie \u017cycie\u201d, czy\u017c samo to okre\u015blenie nie wskazuje, \u017ce psy nie maj\u0105 r\u00f3\u017cowego \u017cywota? Po co jeszcze wyprowadza\u0107 je z b\u0142\u0119du. Jak dla mnie nic si\u0119 nie stanie z\u0142ego, gdy ka\u017cdy pies b\u0119dzie wierzy\u0142, \u017ce \u015bwiat kr\u0119ci si\u0119 wok\u00f3\u0142 jego chwosta. I jestem jeszcze za psim rajem. Tym opisanym przez Jana Brzechw\u0119 w \u201eAkademii Pana Kleksa\u201d. Tym, w kt\u00f3rym w dzie\u0144 psy zjadaj\u0105 czekoladowego Dokora Dolittle, by w nocy go odbudowywa\u0107. Przecie\u017c tak naprawd\u0119 pies robi nam krzywd\u0119 tylko raz &#8211; jak umiera.<\/p>\n","protected":false},"excerpt":{"rendered":"<p>Coraz cz\u0119\u015bciej czytam zar\u00f3wno w prasie, jak i w internecie, artyku\u0142y o psach, nad kt\u00f3rymi kto\u015b si\u0119 zn\u0119ca\u0142. Suka z wrastaj\u0105cym \u0142a\u0144cuchem. Pies z po\u0142amanymi \u0142apami. Koszmary mno\u017c\u0105 si\u0119 i czasem w mediach jest ich wysyp, jak grzyb\u00f3w po deszczu. Patrz\u0119 wtedy na swoj\u0105 jamnicz\u0105&#8230;<\/p>\n<div class=\"easywp-readmore\"><a class=\"read-more-link\" href=\"http:\/\/blog.piekarska.com.pl\/?p=2312\">Czytaj dalej&#8230;<span class=\"easywp-sr-only\">  Z jakich powod\u00f3w? Czyli wok\u00f3\u0142 czego kr\u0119ci si\u0119 psi \u015bwiat?<\/span><\/a><\/div>\n","protected":false},"author":1,"featured_media":0,"comment_status":"closed","ping_status":"open","sticky":false,"template":"","format":"standard","meta":{"_crdt_document":"","footnotes":""},"categories":[11],"tags":[504,1002,1578],"class_list":["post-2312","post","type-post","status-publish","format-standard","hentry","category-prywatne","tag-jamnik","tag-pies","tag-zraz","wpcat-11-id"],"_links":{"self":[{"href":"http:\/\/blog.piekarska.com.pl\/index.php?rest_route=\/wp\/v2\/posts\/2312","targetHints":{"allow":["GET"]}}],"collection":[{"href":"http:\/\/blog.piekarska.com.pl\/index.php?rest_route=\/wp\/v2\/posts"}],"about":[{"href":"http:\/\/blog.piekarska.com.pl\/index.php?rest_route=\/wp\/v2\/types\/post"}],"author":[{"embeddable":true,"href":"http:\/\/blog.piekarska.com.pl\/index.php?rest_route=\/wp\/v2\/users\/1"}],"replies":[{"embeddable":true,"href":"http:\/\/blog.piekarska.com.pl\/index.php?rest_route=%2Fwp%2Fv2%2Fcomments&post=2312"}],"version-history":[{"count":0,"href":"http:\/\/blog.piekarska.com.pl\/index.php?rest_route=\/wp\/v2\/posts\/2312\/revisions"}],"wp:attachment":[{"href":"http:\/\/blog.piekarska.com.pl\/index.php?rest_route=%2Fwp%2Fv2%2Fmedia&parent=2312"}],"wp:term":[{"taxonomy":"category","embeddable":true,"href":"http:\/\/blog.piekarska.com.pl\/index.php?rest_route=%2Fwp%2Fv2%2Fcategories&post=2312"},{"taxonomy":"post_tag","embeddable":true,"href":"http:\/\/blog.piekarska.com.pl\/index.php?rest_route=%2Fwp%2Fv2%2Ftags&post=2312"}],"curies":[{"name":"wp","href":"https:\/\/api.w.org\/{rel}","templated":true}]}}