{"id":2310,"date":"2011-04-24T19:05:42","date_gmt":"2011-04-24T17:05:42","guid":{"rendered":"http:\/\/piekarska.blog.pl\/?p=2310"},"modified":"2011-04-24T19:05:42","modified_gmt":"2011-04-24T17:05:42","slug":"zmartwychwstal-czy-nie-2","status":"publish","type":"post","link":"http:\/\/blog.piekarska.com.pl\/?p=2310","title":{"rendered":"Zmartwychwsta\u0142 czy nie?"},"content":{"rendered":"<p>Zada\u0142am sobie to pytanie dzi\u015b w pracy. Dlaczego? Ot\u00f3\u017c rano pojecha\u0142am z kamer\u0105 na msz\u0119 rezurekcyjn\u0105 do Archikatedry \u015awi\u0119tego Jana Chrzciciela. Msz\u0119 sprawowa\u0142 biskup pomocniczy diecezji warszawskiej Tadeusz Pikus. Mia\u0142 pi\u0119kn\u0105, wyg\u0142aszan\u0105 z g\u0142owy i z serca homili\u0119 o Zmartwychwstaniu i wszystko by\u0142o naprawd\u0119 wzruszaj\u0105ce. Potem pojecha\u0142am do pracy zawie\u017a\u0107 dysk i z synem pojechali\u015bmy do przyjaci\u00f3\u0142 na wielkanocne \u015bniadanie. Ko\u0142o 14-tej zjecha\u0142am do redakcji i\u2026 wybuch\u0142a afera. Pojecha\u0142am nie na t\u0119 rezurekcj\u0119, na kt\u00f3r\u0105 zdaniem wydawcy powinnam by\u0142a pojecha\u0107. Powinnam by\u0107 na tej z Kardyna\u0142em Kazimierzem Nyczem \u2013 metropolit\u0105 warszawskim.<\/p>\n<p>Pomijam ju\u017c fakt, \u017ce w stolicy s\u0105 dwie diecezje &#8211; warszawska i warszawsko-praska z biskupem Henrykiem Hoserem. Pomijam, \u017ce diecezja warszawsko-praska najcz\u0119\u015bciej jest pomijana przez media, wi\u0119c i my do praskiej katedry \u015bw. Floriana je\u017adzimy rzadko.<br \/>\nNajbardziej jednak irytuje mnie to, \u017ce \u201eTelewizyjny Kurier Warszawski\u201d nie jest ani programem informacyjnym politycznym ani ko\u015bcielnym. Jest programem warszawskim! Powinno si\u0119 wi\u0119c w nim pokazywa\u0107 dowoln\u0105 warszawsk\u0105 rezurekcj\u0119 i to bez nacisku, kt\u00f3ra to ma by\u0107. Ja rezurekcj\u0119 nagra\u0142am. Procesja w Katedrze, gr\u00f3b w Katedrze, homilia w Katedrze, a i biskup, kt\u00f3ry j\u0105 wyg\u0142osi\u0142 jest biskupem warszawskim.<br \/>\nTymczasem spotka\u0142a mnie wielka \u201ewielkanocna afera\u201d. Pad\u0142y s\u0142owa, \u017ce brak kardyna\u0142a Nycza w g\u0142\u00f3wnym wydaniu b\u0119dzie odebrany (nie wiem przez kogo, bo to nie zosta\u0142o mi powiedziane), jako sprawa polityczna. Uwa\u017cam to za potworn\u0105 g\u0142upot\u0119 i uleganie bli\u017cej mi nie znanym politycznym naciskom. Ale c\u00f3\u017c\u2026 musia\u0142am im ulec i szuka\u0107 w s\u0105siedniej redakcji obrazk\u00f3w z rezurekcji z kardyna\u0142em Nyczem. Jestem przecie\u017c tylko zwyk\u0142ym, szarym reporterem, a nie wydawc\u0105. Nie do mnie nale\u017cy ostatnie s\u0142owo.<\/p>\n<p>Jednak wszystkim, kt\u00f3rzy uwa\u017caj\u0105, \u017ce jedna msza rezurekcyjna jest wa\u017cniejsza od innych zadaj\u0119 pytanie: to tylko tam gdzie jest kardyna\u0142 Kazimierz Nycz Chrystus naprawd\u0119 zmartwychwstaje? Tam gdzie msz\u0119 sprawuj\u0105 inni biskupi czy zwykli ksi\u0119\u017ca Zmartwychwstania ju\u017c nie ma? To po co tyle tych mszy?<\/p>\n<p>\u017be te\u017c Bo\u017ce widzisz t\u0119 g\u0142upot\u0119 i nie grzmisz! \u017be tez musz\u0119 ja grzmie\u0107 za Ciebie.<\/p>\n","protected":false},"excerpt":{"rendered":"<p>Zada\u0142am sobie to pytanie dzi\u015b w pracy. Dlaczego? Ot\u00f3\u017c rano pojecha\u0142am z kamer\u0105 na msz\u0119 rezurekcyjn\u0105 do Archikatedry \u015awi\u0119tego Jana Chrzciciela. Msz\u0119 sprawowa\u0142 biskup pomocniczy diecezji warszawskiej Tadeusz Pikus. Mia\u0142 pi\u0119kn\u0105, wyg\u0142aszan\u0105 z g\u0142owy i z serca homili\u0119 o Zmartwychwstaniu i wszystko by\u0142o naprawd\u0119 wzruszaj\u0105ce&#8230;.<\/p>\n<div class=\"easywp-readmore\"><a class=\"read-more-link\" href=\"http:\/\/blog.piekarska.com.pl\/?p=2310\">Czytaj dalej&#8230;<span class=\"easywp-sr-only\">  Zmartwychwsta\u0142 czy nie?<\/span><\/a><\/div>\n","protected":false},"author":1,"featured_media":0,"comment_status":"closed","ping_status":"open","sticky":false,"template":"","format":"standard","meta":{"_crdt_document":"","footnotes":""},"categories":[4,10],"tags":[314,858,1160,1428,1449],"class_list":["post-2310","post","type-post","status-publish","format-standard","hentry","category-dziennikarstwo","category-warszawa","tag-dziennikarstwo-2","tag-msza","tag-rezurekcja","tag-warszawa","tag-wielkanoc","wpcat-4-id","wpcat-10-id"],"_links":{"self":[{"href":"http:\/\/blog.piekarska.com.pl\/index.php?rest_route=\/wp\/v2\/posts\/2310","targetHints":{"allow":["GET"]}}],"collection":[{"href":"http:\/\/blog.piekarska.com.pl\/index.php?rest_route=\/wp\/v2\/posts"}],"about":[{"href":"http:\/\/blog.piekarska.com.pl\/index.php?rest_route=\/wp\/v2\/types\/post"}],"author":[{"embeddable":true,"href":"http:\/\/blog.piekarska.com.pl\/index.php?rest_route=\/wp\/v2\/users\/1"}],"replies":[{"embeddable":true,"href":"http:\/\/blog.piekarska.com.pl\/index.php?rest_route=%2Fwp%2Fv2%2Fcomments&post=2310"}],"version-history":[{"count":0,"href":"http:\/\/blog.piekarska.com.pl\/index.php?rest_route=\/wp\/v2\/posts\/2310\/revisions"}],"wp:attachment":[{"href":"http:\/\/blog.piekarska.com.pl\/index.php?rest_route=%2Fwp%2Fv2%2Fmedia&parent=2310"}],"wp:term":[{"taxonomy":"category","embeddable":true,"href":"http:\/\/blog.piekarska.com.pl\/index.php?rest_route=%2Fwp%2Fv2%2Fcategories&post=2310"},{"taxonomy":"post_tag","embeddable":true,"href":"http:\/\/blog.piekarska.com.pl\/index.php?rest_route=%2Fwp%2Fv2%2Ftags&post=2310"}],"curies":[{"name":"wp","href":"https:\/\/api.w.org\/{rel}","templated":true}]}}