{"id":1773,"date":"2010-05-26T16:48:32","date_gmt":"2010-05-26T14:48:32","guid":{"rendered":"http:\/\/piekarska.blog.pl\/?p=1773"},"modified":"2010-05-26T16:48:32","modified_gmt":"2010-05-26T14:48:32","slug":"na-szczescie-jezdze-dla-mlodziezy-2","status":"publish","type":"post","link":"http:\/\/blog.piekarska.com.pl\/?p=1773","title":{"rendered":"Na szcz\u0119\u015bcie je\u017cd\u017c\u0119 dla m\u0142odzie\u017cy"},"content":{"rendered":"<p>Klika tygodni temu moja agentka powiedzia\u0142a, \u017ce na spotkanie autorskie zaprasza mnie pewna biblioteka. Z tego zaproszenia bardzo si\u0119 ucieszy\u0142am, bo to region bardzo mi bliski, z kt\u00f3rym rodzinnie jestem zwi\u0105zana. Po pierwsze przez to, \u017ce z tego regionu jest moja mama, a po drugie przez to, \u017ce w czasie okupacji moi dziadkowie wzi\u0119li na wychowanie stamt\u0105d dziecko. Jedno z tych, kt\u00f3re jecha\u0142y do O\u015bwi\u0119cimia na zamordowanie. Dzieci do O\u015bwi\u0119cimia nie dojecha\u0142y, bo na Dworcu Wschodnim w Warszawie kolejarze odczepili wagon i uratowali dzieci. Jedno z nich trafi\u0142o do moich dziadk\u00f3w.\u00a0<br \/>Cztery dni i noce wygrzebywa\u0142am dokumenty i zdj\u0119cia, by przygotowa\u0107 prezentacje na spotkania. Skanowa\u0142am fotografie, dokumenty adopcyjne dziecka i inne, bo owo dziecko z moimi dziadkami prze\u017cy\u0142o Powstanie Warszawskie i przesz\u0142o ob\u00f3z przej\u015bciowy w Pruszkowie. Do siebie wr\u00f3ci\u0142o po wojnie. Chc\u0119 nastolatkom o tym opowiedzie\u0107, bo wiem, jak porusza ta historia, a wiem te\u017c, \u017ce lepiej opowiada\u0107 pokazuj\u0105c zdj\u0119cia. Chc\u0119 pokaza\u0107 im mojego stryja Janka, jak wygl\u0105da\u0142 wtedy i&#8230; jak wygl\u0105da teraz, bo cztery lata temu odwiedzi\u0142am go w jego gospodarstwie.\u00a0<br \/>Zeskanowa\u0142am te\u017c rodzinne zdj\u0119cia mamy, bo wiele jej historii z dzieci\u0144stwa znalaz\u0142o si\u0119 z moich ksi\u0105\u017ckach, o czym czytelnik zupe\u0142nie przecie\u017c nic nie wie. W babci Kamili \u2013 bohaterki \u201eKlasy pani Czajki\u201d \u2013 sportretowa\u0142am swoj\u0105 mam\u0119. Niekt\u00f3rzy bohaterowie moich ksi\u0105\u017cek nosz\u0105 nazwiska os\u00f3b z mojej rodziny, chocia\u017cby&#8230; Kuba z \u201eTropicieli\u201d ma na nazwisko Stec, tak jak z domu mia\u0142a moja mama.\u00a0<br \/>Przygotowa\u0142am te prezentacje, potem przetestowa\u0142am na moim synu i ruszy\u0142am na spotkania w Polsk\u0119. Do ka\u017cdego ze spotka\u0144 si\u0119 przygotowuj\u0119, bo s\u0105 one op\u0142acane z pieni\u0119dzy publicznych, wi\u0119c uwa\u017cam, \u017ce powinnam da\u0107 z siebie wszystko. Cho\u0107 czasem jest to trudne, bo sporo zale\u017cy od obecnych na spotkaniu czytelnik\u00f3w, a to jacy s\u0105 oni cz\u0119sto wynika z tego, jaki jest ich nauczyciel, kto jest liderem w tej grupie itd.\u00a0<br \/>Jedn\u0105 z prezentacji gdzieniegdzie ju\u017c na spotkaniach pokazywa\u0142am, cho\u0107&#8230; przygotowana zosta\u0142a przecie\u017c na inny teren. Pokazywa\u0142am j\u0105, bo chc\u0119 wr\u00f3ci\u0107 do tematu tego dziecka, kt\u00f3re chowali moi dziadkowie i siad\u0142am nawet nad ksi\u0105\u017ck\u0105 na ten temat&#8230; Pisz\u0105c zreszt\u0105 teraz dwie naraz i prze\u0142\u0105czaj\u0105c si\u0119 mi\u0119dzy jedn\u0105 z drug\u0105. Dlatego, gdy pada\u0142o pytanie o to nad czym teraz siedz\u0119 odpala\u0142am prezentacj\u0119 z dokumentami i fotografiami.\u00a0<br \/>Tymczasem dwa dni tremu przyszed\u0142 list z zapraszaj\u0105cej mnie biblioteki, czy konieczny jest sprz\u0119t do prezentacji multimedialnej, bo\u00a0\u201eFilie, w kt\u00f3rych odbywa\u0107 si\u0119 b\u0119d\u0105 spotkania nie posiadaj\u0105 sprz\u0119tu do prezentacji multimedialnej, wobec czego &#8211; czy rzeczywi\u015bcie jest on niezb\u0119dny?\u201d<br \/>Odpisa\u0142am:\u00a0\u201eSprz\u0119t do prezentacji nie jest niezb\u0119dny, ale w chwili, gdy go nie ma m\u0142odzie\u017c du\u017co traci. Bo jako atrakcje ma tylko mnie, a ja nie \u015bpiewam ani nie ta\u0144cz\u0119, tylko m\u00f3wi\u0119. My\u015bl\u0119, \u017ce w XXI wieku to troch\u0119 ma\u0142o. Mam przygotowany ca\u0142y szereg prezentacji. Laptopa mam ze sob\u0105. Rzutnik mo\u017cna przecie\u017c po\u017cyczy\u0107 z jakiej\u015b instytucji. Rzutniki maj\u0105 domy kultury, urz\u0119dy miast i gmin, urz\u0119dy dzielnic itd. A cz\u0119sto maj\u0105 rzutniki szko\u0142y. Je\u017cd\u017c\u0119 du\u017co po Polsce i przyznam, \u017ce jeszcze mi si\u0119 nie zdarzy\u0142o, by na spotkanie nie skombinowano sk\u0105d\u015b rzutnika. Ja si\u0119 do spotka\u0144 bardzo przygotowuj\u0119. Specjalnie pod (\u2026) przygotowa\u0142am r\u00f3\u017cne rzeczy zwi\u0105zane z tym o czym pisa\u0142am, czy o tym, o czym teraz pisz\u0119. Oczywi\u015bcie mog\u0119 to pokazywa\u0107 na monitorze laptopa, bo i tak raz robi\u0142am, gdy na skutek awarii odci\u0119to pr\u0105d w ca\u0142ej miejscowo\u015bci, ale laptop m\u00f3j ma monitor 10 cali, wiec pokazywanie bez rzutnika b\u0119dzie bardzo utrudnione i ma\u0142o komfortowe.\u201d\u00a0<br \/>Odpowied\u017a, kt\u00f3r\u0105 dosta\u0142am zwali\u0142a mnie z n\u00f3g. Ale nie tylko mnie. Agentce odebra\u0142o mow\u0119. Zbulwersowana czyta\u0142am jej list na g\u0142os w przedziale poci\u0105gu, przeprosiwszy wsp\u00f3\u0142pasa\u017cera,\u00a0 \u017ce robi\u0119 to przy nim. Po sko\u0144czonej rozmowie odezwa\u0142 si\u0119 wsp\u00f3\u0142pasa\u017cer, kt\u00f3ry te\u017c przeprosi\u0142, \u017ce si\u0119 wtr\u0105ca i \u017ce s\u0142ucha\u0142, ale chcia\u0142 powiedzie\u0107, \u017ce takiej g\u0142upoty to on jeszcze jak \u015bwiat \u015bwiatem nie widzia\u0142.\u00a0<br \/>\u201ePani Ma\u0142gorzato<br \/>(\u2026) nie jest a\u017c tak zaniedban\u0105 cz\u0119\u015bci\u0105 naszego\u00a0 pi\u0119knego kraju i z rzutnikiem to ja naprawd\u0119 dam sobie rad\u0119. Pyta\u0142am tylko czy on jest konieczny. Na wszystkich konferencjach, seminariach i spotkaniach jeste\u015bmy torpedowani prezentacjami multimedialnymi (bywa r\u00f3wnie\u017c &#8211;\u00a0 w\u0105tpliwej jako\u015bci). Dziwimy si\u0119 te\u017c, \u017ce m\u0142odzie\u017c nie czyta, a jaka ma by\u0107 je\u015bli obraca si\u0119 zazwyczaj w cywilizacji obrazkowej. Wiem, \u017ce m\u00f3wi\u0107 pi\u0119knie by poruszy\u0107 wyobra\u017ani\u0119 s\u0142uchacza to spory wysi\u0142ek, ale pani na pewno to potrafi. Prezentacj\u0119\u00a0 potraktujmy wi\u0119c jako uzupe\u0142nienie. Z rzutnikiem daj\u0119 s\u0142owo, nie b\u0119dzie problemu.<br \/>O tym, w jaki spos\u00f3b spotkamy si\u0119 w (&#8230;) napisze niebawem.\u00a0<br \/>Z powa\u017caniem\u201d\u00a0<br \/>Przyznam, \u017ce w pierwszym odruchu mia\u0142am ochot\u0119 napisa\u0107, \u017ce odwo\u0142uj\u0119 spotkania i nie przyje\u017cd\u017cam. Nie lubi\u0119 mie\u0107 do czynienia z g\u0142upimi lud\u017ami, ale&#8230; nie jad\u0119 przecie\u017c dla tej pani bibliotekarki, ale dla m\u0142odzie\u017cy! No i mam tyle rzeczy dla nich przygotowanych. Potem mia\u0142am ochot\u0119 odpisa\u0107, \u017ce b\u0119dzie bez prezentacji, bo umiem pi\u0119knie m\u00f3wi\u0107 i bez obrazk\u00f3w. W ko\u0144cu gdyby by\u0142o inaczej, czy mia\u0142abym coraz wi\u0119cej spotka\u0144? Ale przecie\u017c by\u0142oby to dzia\u0142anie w stylu \u201ena z\u0142o\u015b\u0107 tacie nasram w gacie\u201d &#8211; jak mawia\u0142 m\u00f3j fizyk z Poniat\u00f3wki profesor Tomasz Tratkiewicz. Nagle zacz\u0119\u0142am si\u0119 \u015bmia\u0107. My\u015bl\u0119, \u017ce ta kobieta zapraszaj\u0105c mnie mog\u0142a dopyta\u0107 o mnie agentk\u0119, zajrze\u0107 na moj\u0105 stron\u0119 internetow\u0105, zerkn\u0105\u0107 na zdj\u0119cia ze spotka\u0144, kt\u00f3re s\u0105 za mn\u0105, podzwoni\u0107 do bibliotek, w kt\u00f3rych ju\u017c by\u0142am i dowiedzie\u0107 si\u0119 czy w og\u00f3le warto mnie zaprasza\u0107 lub poczyta\u0107 w internecie na stronach tych bibliotek \u2013 chocia\u017cby Pu\u0142tuskiej \u2013 jak uda\u0142o si\u0119 spotkanie. Specjalnie pod Pu\u0142tusk przygotowa\u0142am prezentacje z XIX-wiecznymi dokumentami, kt\u00f3re m\u0142odzie\u017c widzia\u0142a pierwszy raz w \u017cyciu. Pokazywa\u0142am im list \u017cony mojego pu\u0142tuskiego przodka. Dziewi\u0119tnastowieczny list, kt\u00f3ry wykorzysta\u0142am w \u201eTropicielach\u201d i o kt\u00f3rym tu w swoim czasie pisa\u0142am na blogu odliczaj\u0105c czas do walentynek. \u00a0<br \/>Je\u017cd\u017c\u0105c po Polsce cz\u0119sto opowiadam o swojej ksi\u0105\u017cce \u201eDziewi\u0119tnastoletni marynarz\u201d. Opowiadanie o niej bez ilustracji w postaci multimedialnej prezentacji jest bardzo ubogie. M\u0142odzi ludzie nie mog\u0105 zobaczy\u0107 fotografii Zbyszka, list\u00f3w i przede wszystkim dokument\u00f3w, kt\u00f3re 80 lat temu wygl\u0105da\u0142y zupe\u0142nie inaczej. Trudno te\u017c opowiada\u0107 o w\u0142asnym odkrywaniu tej strasznej historii nie ilustruj\u0105c jej tym, co sama widzia\u0142am i co sama mia\u0142am do dyspozycji. A poniewa\u017c ksi\u0105\u017cka jest trudna do dostania, wi\u0119c dawno temu przygotowa\u0142am prezentacj\u0119.\u00a0<br \/>Po jednym spotkaniu w ma\u0142ej bibliotece szkolnej w pewnej wsi, spotkaniu, kt\u00f3re przeci\u0105gn\u0119\u0142o si\u0119 i m\u0142odzie\u017cy uciek\u0142 gimbus i musieli 9 kilometr\u00f3w i\u015b\u0107 do dom\u00f3w na piechot\u0119, dosta\u0142am dyplom za pi\u0119kn\u0105 lekcj\u0119 historii. Nie przygotowali go sobie wcze\u015bniej, bo przecie\u017c nie wiedzieli co im powiem, ani co im poka\u017c\u0119. Przytrzymali mnie na dole z bukietem kwiat\u00f3w, a kto\u015b na g\u00f3rze przygotowa\u0142 dyplom. Nikt nie powiedzia\u0142, \u017ce zmarnowa\u0142 czas, nikt nie mia\u0142 pretensji, \u017ce uciek\u0142 mu gimbus. I ja te\u017c si\u0119 wtedy wzruszy\u0142am.\u00a0<br \/>Nie&#8230; Z powodu g\u0142upoty jednej pani bibliotekarki nie powinnam zostawia\u0107 m\u0142odych ludzi bez mo\u017cliwo\u015bci obejrzenia naprawd\u0119 ciekawych zdj\u0119\u0107, dokument\u00f3w itd. Jad\u0119. A pani odpowiedzia\u0142am jednym zdaniem, \u017ce\u2026 \u201eczekam na kontakt\u201d. Bo z takimi lud\u017ami dyskusje nie maj\u0105 sensu.<\/p>\n","protected":false},"excerpt":{"rendered":"<p>Klika tygodni temu moja agentka powiedzia\u0142a, \u017ce na spotkanie autorskie zaprasza mnie pewna biblioteka. Z tego zaproszenia bardzo si\u0119 ucieszy\u0142am, bo to region bardzo mi bliski, z kt\u00f3rym rodzinnie jestem zwi\u0105zana. Po pierwsze przez to, \u017ce z tego regionu jest moja mama, a po drugie&#8230;<\/p>\n<div class=\"easywp-readmore\"><a class=\"read-more-link\" href=\"http:\/\/blog.piekarska.com.pl\/?p=1773\">Czytaj dalej&#8230;<span class=\"easywp-sr-only\">  Na szcz\u0119\u015bcie je\u017cd\u017c\u0119 dla m\u0142odzie\u017cy<\/span><\/a><\/div>\n","protected":false},"author":1,"featured_media":0,"comment_status":"closed","ping_status":"open","sticky":false,"template":"","format":"standard","meta":{"_crdt_document":"","footnotes":""},"categories":[6,7],"tags":[77,317,594,615,695,730,1014,1166,1237],"class_list":["post-1773","post","type-post","status-publish","format-standard","hentry","category-pisarstwo","category-podroze-2","tag-anegdoty","tag-dziewietnastoletni-marynarz","tag-katastrofa","tag-klasa-pani-czajki","tag-kultura-2","tag-literatura","tag-pisarstwo-2","tag-rodzina","tag-spotkania-autorskie","wpcat-6-id","wpcat-7-id"],"_links":{"self":[{"href":"http:\/\/blog.piekarska.com.pl\/index.php?rest_route=\/wp\/v2\/posts\/1773","targetHints":{"allow":["GET"]}}],"collection":[{"href":"http:\/\/blog.piekarska.com.pl\/index.php?rest_route=\/wp\/v2\/posts"}],"about":[{"href":"http:\/\/blog.piekarska.com.pl\/index.php?rest_route=\/wp\/v2\/types\/post"}],"author":[{"embeddable":true,"href":"http:\/\/blog.piekarska.com.pl\/index.php?rest_route=\/wp\/v2\/users\/1"}],"replies":[{"embeddable":true,"href":"http:\/\/blog.piekarska.com.pl\/index.php?rest_route=%2Fwp%2Fv2%2Fcomments&post=1773"}],"version-history":[{"count":0,"href":"http:\/\/blog.piekarska.com.pl\/index.php?rest_route=\/wp\/v2\/posts\/1773\/revisions"}],"wp:attachment":[{"href":"http:\/\/blog.piekarska.com.pl\/index.php?rest_route=%2Fwp%2Fv2%2Fmedia&parent=1773"}],"wp:term":[{"taxonomy":"category","embeddable":true,"href":"http:\/\/blog.piekarska.com.pl\/index.php?rest_route=%2Fwp%2Fv2%2Fcategories&post=1773"},{"taxonomy":"post_tag","embeddable":true,"href":"http:\/\/blog.piekarska.com.pl\/index.php?rest_route=%2Fwp%2Fv2%2Ftags&post=1773"}],"curies":[{"name":"wp","href":"https:\/\/api.w.org\/{rel}","templated":true}]}}