{"id":1771,"date":"2010-05-24T16:41:01","date_gmt":"2010-05-24T14:41:01","guid":{"rendered":"http:\/\/piekarska.blog.pl\/?p=1771"},"modified":"2010-05-24T16:41:01","modified_gmt":"2010-05-24T14:41:01","slug":"milczenie-sasiada-2","status":"publish","type":"post","link":"http:\/\/blog.piekarska.com.pl\/?p=1771","title":{"rendered":"Milczenie s\u0105siada"},"content":{"rendered":"<p>Jest wiele rzeczy, na kt\u00f3rych si\u0119 nie znam. Meteorologia jest tylko jedn\u0105 z nich. Jednak zdrowy rozs\u0105dek podpowiada mi, \u017cebym teraz, gdy mamy stan alarmowy na Wi\u015ble oszcz\u0119dza\u0142a wod\u0119 i na przyk\u0142ad nie jecha\u0142a z autem na myjni\u0119. Jeden z moich s\u0105siad\u00f3w ma na ten temat najwyra\u017aniej inne zdanie. Kilka dni temu my\u0142 chodnik polewaj\u0105c go wod\u0105 z w\u0119\u017ca ogrodowego. Spyta\u0142am go staraj\u0105c si\u0119 nada\u0107 swojemu g\u0142osowi mo\u017cliwie najbardziej \u017cartobliwy ton, czy nie ma dosy\u0107 wody. Obrzuci\u0142 mnie spojrzeniem pe\u0142nym pogardy i&#8230; nie odezwa\u0142 si\u0119 nawet s\u0142owem. Wyg\u0142upi\u0142am si\u0119? Chyba tak, bo s\u0105siad nadal myje&#8230; Cho\u0107 to Saska K\u0119pa, czyli teren zagro\u017cony zalaniem. Zamkni\u0119to tu kilkadziesi\u0105t przedszkoli i szk\u00f3\u0142. M\u00f3j syn dzi\u015b te\u017c nie poszed\u0142 do szko\u0142y&#8230;\u00a0<br \/>Przyjmuj\u0119 do wiadomo\u015bci, \u017ce s\u0105 ludzie, kt\u00f3rzy olewaj\u0105 pow\u00f3d\u017a, ale \u017ceby&#8230; tak dos\u0142ownie?<\/p>\n","protected":false},"excerpt":{"rendered":"<p>Jest wiele rzeczy, na kt\u00f3rych si\u0119 nie znam. Meteorologia jest tylko jedn\u0105 z nich. Jednak zdrowy rozs\u0105dek podpowiada mi, \u017cebym teraz, gdy mamy stan alarmowy na Wi\u015ble oszcz\u0119dza\u0142a wod\u0119 i na przyk\u0142ad nie jecha\u0142a z autem na myjni\u0119. Jeden z moich s\u0105siad\u00f3w ma na ten&#8230;<\/p>\n<div class=\"easywp-readmore\"><a class=\"read-more-link\" href=\"http:\/\/blog.piekarska.com.pl\/?p=1771\">Czytaj dalej&#8230;<span class=\"easywp-sr-only\">  Milczenie s\u0105siada<\/span><\/a><\/div>\n","protected":false},"author":1,"featured_media":0,"comment_status":"closed","ping_status":"open","sticky":false,"template":"","format":"standard","meta":{"_crdt_document":"","footnotes":""},"categories":[10,11],"tags":[77,1079,1191],"class_list":["post-1771","post","type-post","status-publish","format-standard","hentry","category-warszawa","category-prywatne","tag-anegdoty","tag-powodz","tag-saska-kepa","wpcat-10-id","wpcat-11-id"],"_links":{"self":[{"href":"http:\/\/blog.piekarska.com.pl\/index.php?rest_route=\/wp\/v2\/posts\/1771","targetHints":{"allow":["GET"]}}],"collection":[{"href":"http:\/\/blog.piekarska.com.pl\/index.php?rest_route=\/wp\/v2\/posts"}],"about":[{"href":"http:\/\/blog.piekarska.com.pl\/index.php?rest_route=\/wp\/v2\/types\/post"}],"author":[{"embeddable":true,"href":"http:\/\/blog.piekarska.com.pl\/index.php?rest_route=\/wp\/v2\/users\/1"}],"replies":[{"embeddable":true,"href":"http:\/\/blog.piekarska.com.pl\/index.php?rest_route=%2Fwp%2Fv2%2Fcomments&post=1771"}],"version-history":[{"count":0,"href":"http:\/\/blog.piekarska.com.pl\/index.php?rest_route=\/wp\/v2\/posts\/1771\/revisions"}],"wp:attachment":[{"href":"http:\/\/blog.piekarska.com.pl\/index.php?rest_route=%2Fwp%2Fv2%2Fmedia&parent=1771"}],"wp:term":[{"taxonomy":"category","embeddable":true,"href":"http:\/\/blog.piekarska.com.pl\/index.php?rest_route=%2Fwp%2Fv2%2Fcategories&post=1771"},{"taxonomy":"post_tag","embeddable":true,"href":"http:\/\/blog.piekarska.com.pl\/index.php?rest_route=%2Fwp%2Fv2%2Ftags&post=1771"}],"curies":[{"name":"wp","href":"https:\/\/api.w.org\/{rel}","templated":true}]}}