{"id":1554,"date":"2010-02-01T16:13:12","date_gmt":"2010-02-01T14:13:12","guid":{"rendered":"http:\/\/piekarska.blog.pl\/?p=1554"},"modified":"2018-01-14T20:25:25","modified_gmt":"2018-01-14T20:25:25","slug":"liczba-2","status":"publish","type":"post","link":"http:\/\/blog.piekarska.com.pl\/?p=1554","title":{"rendered":"Liczba!"},"content":{"rendered":"<p>Przeczyta\u0142am wczoraj wywiad z <strong><a href=\"http:\/\/www.wirtualnemedia.pl\/artykul\/prestiz-dziennikarza-zalezy-od-ilosci-klikniec\" target=\"_blank\" rel=\"noopener\">Grzegorzem Miecugowem opublikowany na portalu \u201eWirtualne media\u201d<\/a><\/strong>. Wywiad przeprowadzono z okazji pi\u0119ciolecia programu \u201eSzk\u0142o kontaktowe\u201d. Miecugow powiedzia\u0142 w nim mi\u0119dzy innymi o tym, czemu i ja po\u015bwi\u0119ca\u0142am wielokrotnie miejsce na swoim blogu \u2013 o poziomie obecnego dziennikarstwa, tabloidyzacji medi\u00f3w i telewizji komercyjnej, kt\u00f3rej jest dziennikarzem. Jak napisa\u0142 portal \u201eWirtualne media\u201d \u201eMiecugow twierdzi, \u017ce tabloidyzacja medi\u00f3w, w tym kana\u0142u, w kt\u00f3rym pracuje jest wymuszana przez odbiorc\u00f3w. &#8211; Przecie\u017c my \u015bledz\u0105c wyniki ogl\u0105dalno\u015bci pod\u0105\u017camy w kierunku wyznaczonym przez widza &#8211; m\u00f3wi. Podkre\u015bla, \u017ce media komercyjne nie mog\u0105 abstrahowa\u0107 od tego, czego oczekuje widz.<br \/>\nPodobnie jest r\u00f3wnie\u017c w Internecie.\u201d<br \/>\nC\u00f3\u017c\u2026 z wywiadu wynika jasno. Grzegorz Miecugow twierdzi, \u017ce \u201eIlo\u015b\u0107 klikni\u0119\u0107 wi\u0105\u017ce si\u0119 tak\u017ce z presti\u017cem danego dziennikarza. To bardzo nieprzyjemna sytuacja dla autora powa\u017cnej, ci\u0119\u017cko zdobytej informacji, gdy ma mniej klikni\u0119\u0107 od kolegi, kt\u00f3ry napisa\u0142 tekst np. o tym jak podrywa\u0107 w weekend. Mimo to nie mo\u017cna podda\u0107 si\u0119 bezkrytycznie tej tendencji tabloidowej i rozrywkowej. Zawsze znajdzie si\u0119 grupa os\u00f3b poszukuj\u0105ca czego\u015b wi\u0119cej, jakiego\u015b komentarza. Rzeczywi\u015bcie \u017cyjemy w do\u015b\u0107 dziwnych czasach, co wida\u0107 cho\u0107by na przyk\u0142adzie USA, gdzie cz\u0119sto du\u017co wi\u0119kszym uznaniem ciesz\u0105 si\u0119 opinie bloger\u00f3w, ni\u017c zawodowych komentator\u00f3w.\u201d<br \/>\nJa si\u0119 z tym wszystkim niestety musz\u0119 zgodzi\u0107. Niestety, bo to pokazuje, \u017ce dziennikarstwo przestaje by\u0107 misj\u0105. I to na wyra\u017ane \u017cyczenie spo\u0142eczne. Niestety ju\u017c dawno stwierdzono, \u017ce demokracja, czyli rz\u0105dy wi\u0119kszo\u015bci maj\u0105 t\u0119 wad\u0119, \u017ce wi\u0119kszo\u015b\u0107 to g\u0142\u0105by! I tak paradoksalnie dziennikarstwo zacz\u0119\u0142o dostosowywa\u0107 si\u0119 do \u017cycze\u0144 g\u0142\u0105b\u00f3w. Na co\u015b warto\u015bciowego zostawiaj\u0105c mniej miejsca, bo to co warto\u015bciowe, jest dla wybranych.<br \/>\nWiem ju\u017c od dawna, \u017ce najwi\u0119kszym powodzeniem na moim blogu ciesz\u0105 si\u0119 nie te wpisy, kt\u00f3re bym chcia\u0142a. Nie te, kiedy wydaje mi si\u0119, \u017ce napisa\u0142am co\u015b wa\u017cnego i dla ludzi my\u015bl\u0105cych. Od kiedy na bloga wesz\u0142o jednego dnia 40 tysi\u0119cy os\u00f3b, bo wpis mia\u0142 tytu\u0142 <strong><a href=\"http:\/\/blog.piekarska.com.pl\/?p=138566\" target=\"_blank\" rel=\"noopener\">\u201eZboczeniec i \u015bwintuch w moim \u0142\u00f3\u017cku\u201d<\/a><\/strong> przekona\u0142am si\u0119, \u017ce wi\u0119kszo\u015b\u0107 spo\u0142ecze\u0144stwa nie interesuj\u0105 tematy le\u017c\u0105ce blisko duszy, ale blisko dupy. Tamten wpis by\u0142 zreszt\u0105 rodzajem pewnej prowokacji. (W ko\u0144cu tytu\u0142 myl\u0105cy. Rzecz o psie.) Chcia\u0142am zbada\u0107, czy jest tak, jak podejrzewam. Wysz\u0142o, \u017ce tak w\u0142a\u015bnie jest.<br \/>\nNie mam jednak zamiaru ul\u0119ga\u0107 tej tendencji. Jak pisz\u0119 co\u015b kontrowersyjnego, to wtedy, gdy naprawd\u0119 jest wok\u00f3\u0142 mnie i swoim absurdem uderzy\u0142o w oczy lub nozdrza, jak w przypadku wpisu<strong> <a href=\"http:\/\/blog.piekarska.com.pl\/?p=138605\" target=\"_blank\" rel=\"noopener\">\u201eKupa, czyli wstydliwa sprawa w redakcji\u201d<\/a><\/strong>. Nie musz\u0119 pisa\u0107 dla wszystkich i by\u0107 przez wszystkich czytana czy akceptowana w tym co pisz\u0119.<br \/>\nJaki\u015b czas temu przyszed\u0142 do mnie obra\u017aliwy list, \u017ce moje teksty s\u0105 za d\u0142ugie. Wolno\u015b\u0107 s\u0142owa polega na tym, \u017ce wolno mi to robi\u0107. A w Internecie nie ograniczaj\u0105 mnie szpalty ani strony. Jest te\u017c co\u015b takiego, jak wolno\u015b\u0107 czytania. Nikt nikogo do czytania mojego bloga nie zmusza. Ja nawet my\u015bla\u0142am, by dopisa\u0107 gdzie\u015b obok: \u201enie dla idiot\u00f3w\u201d, ale ubieg\u0142 mnie Media Markt.<br \/>\nGdy by\u0142am dzieckiem ojciec mia\u0142 nie tylko ex-libris, ale te\u017c ex-collectionibus, bo zbiera\u0142 r\u00f3\u017cne rzeczy. Wizerunek na nim by\u0142 ten sam, co na ex-librisie &#8211; Plac Zamkowy z Kolumn\u0105 Zygmunta. (Na marginesie tylko dodam, \u017ce Ex-libris powsta\u0142, gdy Zamek nie by\u0142 jeszcze odbudowany). Tylko opr\u00f3cz napisu Ex-collectionibus by\u0142 jeszcze jeden. \u201ePauca sed bona\u201d. Spyta\u0142am ojca, co to znaczy, bo jeszcze wtedy nie uczy\u0142am si\u0119 \u0142aciny. Odpowiedzia\u0142, \u017ce \u201ekilka, ale dobrych\u201d. Ja te\u017c pisz\u0119 dla kilku czytelnik\u00f3w, kilku dla kt\u00f3rych warto, kilku kt\u00f3rzy my\u015bl\u0105.<br \/>\nI tylko z jednym w wypowiedzi Miecugowa si\u0119 nie zgadzam. Nie liczy si\u0119 ilo\u015b\u0107 klikni\u0119\u0107, a ich liczba! Klikni\u0119cia to nie m\u0105ka czy cukier. Mo\u017cna je policzy\u0107. Na sztuki.<\/p>\n","protected":false},"excerpt":{"rendered":"<p>Przeczyta\u0142am wczoraj wywiad z Grzegorzem Miecugowem opublikowany na portalu \u201eWirtualne media\u201d. Wywiad przeprowadzono z okazji pi\u0119ciolecia programu \u201eSzk\u0142o kontaktowe\u201d. Miecugow powiedzia\u0142 w nim mi\u0119dzy innymi o tym, czemu i ja po\u015bwi\u0119ca\u0142am wielokrotnie miejsce na swoim blogu \u2013 o poziomie obecnego dziennikarstwa, tabloidyzacji medi\u00f3w i telewizji&#8230;<\/p>\n<div class=\"easywp-readmore\"><a class=\"read-more-link\" href=\"http:\/\/blog.piekarska.com.pl\/?p=1554\">Czytaj dalej&#8230;<span class=\"easywp-sr-only\">  Liczba!<\/span><\/a><\/div>\n","protected":false},"author":1,"featured_media":0,"comment_status":"closed","ping_status":"open","sticky":false,"template":"","format":"standard","meta":{"_crdt_document":"","footnotes":""},"categories":[3,4,5],"tags":[77,169],"class_list":["post-1554","post","type-post","status-publish","format-standard","hentry","category-blog","category-dziennikarstwo","category-kultura","tag-anegdoty","tag-blogowanie","wpcat-3-id","wpcat-4-id","wpcat-5-id"],"_links":{"self":[{"href":"http:\/\/blog.piekarska.com.pl\/index.php?rest_route=\/wp\/v2\/posts\/1554","targetHints":{"allow":["GET"]}}],"collection":[{"href":"http:\/\/blog.piekarska.com.pl\/index.php?rest_route=\/wp\/v2\/posts"}],"about":[{"href":"http:\/\/blog.piekarska.com.pl\/index.php?rest_route=\/wp\/v2\/types\/post"}],"author":[{"embeddable":true,"href":"http:\/\/blog.piekarska.com.pl\/index.php?rest_route=\/wp\/v2\/users\/1"}],"replies":[{"embeddable":true,"href":"http:\/\/blog.piekarska.com.pl\/index.php?rest_route=%2Fwp%2Fv2%2Fcomments&post=1554"}],"version-history":[{"count":1,"href":"http:\/\/blog.piekarska.com.pl\/index.php?rest_route=\/wp\/v2\/posts\/1554\/revisions"}],"predecessor-version":[{"id":139638,"href":"http:\/\/blog.piekarska.com.pl\/index.php?rest_route=\/wp\/v2\/posts\/1554\/revisions\/139638"}],"wp:attachment":[{"href":"http:\/\/blog.piekarska.com.pl\/index.php?rest_route=%2Fwp%2Fv2%2Fmedia&parent=1554"}],"wp:term":[{"taxonomy":"category","embeddable":true,"href":"http:\/\/blog.piekarska.com.pl\/index.php?rest_route=%2Fwp%2Fv2%2Fcategories&post=1554"},{"taxonomy":"post_tag","embeddable":true,"href":"http:\/\/blog.piekarska.com.pl\/index.php?rest_route=%2Fwp%2Fv2%2Ftags&post=1554"}],"curies":[{"name":"wp","href":"https:\/\/api.w.org\/{rel}","templated":true}]}}