{"id":140086,"date":"2019-01-21T10:39:36","date_gmt":"2019-01-21T10:39:36","guid":{"rendered":"http:\/\/blog.piekarska.com.pl\/?p=140086"},"modified":"2019-01-21T10:39:38","modified_gmt":"2019-01-21T10:39:38","slug":"z-okazji-dnia-babci","status":"publish","type":"post","link":"http:\/\/blog.piekarska.com.pl\/?p=140086","title":{"rendered":"Z okazji Dnia Babci\u2026"},"content":{"rendered":"\n<p class=\"wp-block-paragraph\">Mia\u0142am dwie babcie, ale niestety tylko jedna pomaga\u0142a mnie wychowywa\u0107. Babcia Janina z Adamskich Piekarska (1905-1973), cho\u0107 w miar\u0119 dobrze j\u0105 pami\u0119tam, zmar\u0142a, gdy mia\u0142am niespe\u0142na 6 lat. Pami\u0119tam jak odwiedza\u0142am j\u0105 w domu na Sadybie. By\u0142a wdow\u0105. Dziadka Bronis\u0142awa Piekarskiego (1901-1960) nie pozna\u0142am, bo zmar\u0142 przed moim urodzeniem. Nad babcinym \u0142\u00f3\u017ckiem wisia\u0142 portret stryja Antka (1928-1944), kt\u00f3ry zgin\u0105\u0142 w Powstaniu Warszawskim. Pami\u0119tam jak babcia czyta\u0142a mi ksi\u0105\u017cki Kornela Makuszy\u0144skiego bezg\u0142o\u015bnie ruszaj\u0105c wargami, a ja z ruchu warg odczytywa\u0142am tekst. By\u0142a po operacji raka krtani i m\u00f3wi\u0142a bezg\u0142o\u015bnie, staj\u0105c si\u0119 po latach inspiracj\u0105 do stworzenia przeze mnie postaci mamy Czarnego Micha\u0142a w cyklu ksi\u0105\u017cek o &#8222;Klasie pani Czajki&#8221;. <\/p>\n\n\n\n<p class=\"wp-block-paragraph\">By\u0142a to osoba do\u015b\u0107 wykszta\u0142cona, bohaterska, patriotka i jak napisa\u0142 tata w nekrologu &#8211; &#8222;wz\u00f3r Matki Polki&#8221;. Po jej \u015bmierci pozna\u0142am histori\u0119 adoptowania przez ni\u0105 (i dziadka) dziecka z Zamojszczyny &#8211; mojego stryja Janka Tch\u00f3rza. <\/p>\n\n\n\n<p class=\"wp-block-paragraph\">Najwa\u017cniejsz\u0105 babci\u0105 by\u0142a jednak Konstancja z Kurzy\u0144skich Stecowa (1898-1984) &#8211; mama mojej mamy, bo by\u0142a ze mn\u0105 ca\u0142e dzieci\u0144stwo i ca\u0142\u0105 podstaw\u00f3wk\u0119.<\/p>\n\n\n\n<figure class=\"wp-block-image\"><img loading=\"lazy\" decoding=\"async\" width=\"695\" height=\"1024\" src=\"http:\/\/blog.piekarska.com.pl\/wp-content\/uploads\/2019\/01\/z-babcia-695x1024.jpg\" alt=\"\" class=\"wp-image-140087\" srcset=\"http:\/\/blog.piekarska.com.pl\/wp-content\/uploads\/2019\/01\/z-babcia.jpg 695w, http:\/\/blog.piekarska.com.pl\/wp-content\/uploads\/2019\/01\/z-babcia-204x300.jpg 204w\" sizes=\"auto, (max-width: 695px) 100vw, 695px\" \/><figcaption>Tu my razem. \ud83d\ude42 By\u0142am jej ukochan\u0105 wnuczk\u0105. \ud83d\ude42 <\/figcaption><\/figure>\n\n\n\n<p class=\"wp-block-paragraph\">Babcia nie znosi\u0142a swojego imienia i nie zgodzi\u0142a si\u0119, bym by\u0142a nazwana Konstancj\u0105. Ja jej imi\u0119 uwielbiam, bo kojarzy mi si\u0119 i z ni\u0105 i z bohaterk\u0105 &#8222;Trzech Muszkieter\u00f3w&#8221;. Konstancja Bonacieux by\u0142a zreszt\u0105 bardzo \u0142adna a o babci m\u00f3wiono, \u017ce w latach 20. by\u0142a naj\u0142adniejsz\u0105 pann\u0105 w Zwierzy\u0144cu. Opis Dumasa pasuje do babci. A i urod\u0105 zdoby\u0142a dziadka. <br><\/p>\n\n\n\n<p class=\"wp-block-paragraph\">Dla nas wnuk\u00f3w by\u0142a to babcia KOCIA, dla m\u0119\u017ca, czyli mojego dziadka Juliana Steca (1886-1960), kt\u00f3rego nigdy nie pozna\u0142am, bo podobnie jak dziadek Bronis\u0142aw Piekarski zmar\u0142 przed moim urodzeniem, by\u0142a KOSTK\u0104 lub KOSTUNI\u0104. <\/p>\n\n\n\n<p class=\"wp-block-paragraph\">Babcia zaszczepi\u0142a mi zami\u0142owanie do ksi\u0105\u017cek Sienkiewicza. U niej w domu przeczyta\u0142am jako o\u015bmiolatka &#8222;Pana Wo\u0142odyjowskiego&#8221; dostaj\u0105c z rozpaczy temperatury. Dlatego na otarcie \u0142ez kupi\u0142a mi &#8222;W pustyni i w puszczy&#8221; na targach ksi\u0105\u017cki przed PKiN. Zreszt\u0105 to z ni\u0105 najcz\u0119\u015bciej na te targi chodzi\u0142am. <\/p>\n\n\n\n<p class=\"wp-block-paragraph\">Babcia urodzi\u0142a si\u0119 jeszcze w XIX wieku w czworakach w Zwierzy\u0144cu w folwarku ordynacji Zamoyskich w rodzinie ch\u0142opskiej, lub jak kto woli &#8211; w\u0142o\u015bcia\u0144skiej. W czasach jej dzieci\u0144stwa nie by\u0142o obowi\u0105zku szkolnego dlatego do szko\u0142y chodzi\u0142a wg optymistycznych wersji 2 miesi\u0105ce wg pesymistycznych 2 dni. Czyta\u0107 i pisa\u0107 jednak umia\u0142a. Kupi\u0142a mi wiele ksi\u0105\u017cek. M.in. &#8222;Ba\u015bnie tysi\u0105ca i jednej nocy&#8221;, bo nie by\u0142a \u015bwiadoma tych &#8222;bezece\u0144stw&#8221;, kt\u00f3re tam wyczytywa\u0142am jako dwunastolatka. My\u015bla\u0142a, \u017ce Ba\u015bnie s\u0105 dla dzieci. <\/p>\n\n\n\n<p class=\"wp-block-paragraph\">Uwielbia\u0142am, gdy mi czyta\u0142a ksi\u0105\u017cki, bo robi\u0142a to najfajniej na \u015bwiecie. Sporo opowiada\u0142a mi o tym jak by\u0142o kiedy\u015b, gdy by\u0142a ma\u0142\u0105 dziewczynk\u0105, ale dzi\u015b my\u015bl\u0119, \u017ce za ma\u0142o j\u0105 o to dopytywa\u0142am. <\/p>\n\n\n\n<p class=\"wp-block-paragraph\">Babcia kocha\u0142a kino i w sprawie przedwojennej polskiej kinematografii by\u0142a nie gorszym ekspertem ni\u017c Stanis\u0142aw Janicki. Gdy w TVP nadawano program &#8222;W Starym kinie&#8221; dopowiada\u0142o to, czego nie powiedzia\u0142 Janicki bazuj\u0105c na przedwojennych gazetowych plotkach o aktorkach i aktorach. A mia\u0142a doskona\u0142\u0105 pami\u0119\u0107. Pami\u0119tam, \u017ce &#8222;Gehenn\u0119&#8221; z Lidi\u0105 Wysock\u0105 w roli Ani prze\u017cywa\u0142y\u015bmy obie.<\/p>\n\n\n\n<p class=\"wp-block-paragraph\">Przed wojn\u0105 w kinie w Che\u0142mie, gdzie od lat 30-tych mieszka\u0142a, nie omin\u0119\u0142a \u017cadnej premiery, a na niekt\u00f3rych filmach by\u0142a kilka razy.  <br> Babcia umia\u0142a: szy\u0107, robi\u0107 na drutach, na szyde\u0142ku, haftowa\u0107 i cerowa\u0107. I tego wszystkiego mnie nauczy\u0142a. <\/p>\n\n\n\n<p class=\"wp-block-paragraph\">By\u0142a \u017cyciowo bardzo m\u0105dra, wi\u0119c m\u00f3j tata twierdzi\u0142, \u017ce ma najfajniejsz\u0105 te\u015bciow\u0105 na \u015bwiecie. <\/p>\n\n\n\n<p class=\"wp-block-paragraph\">Mia\u0142a te\u017c niestety wiele powiedzonek zawieraj\u0105cych brzydkie wyrazy, kt\u00f3rych brzydkiego znaczenia zupe\u0142nie nie by\u0142a \u015bwiadoma. A my nie wyprowadzali\u015bmy jej z b\u0142\u0119du chichraj\u0105c si\u0119 po k\u0105tach. Na przyk\u0142ad, gdy kto\u015b co\u015b zrobi\u0142 &#8222;byle jak&#8221; m\u00f3wi\u0142a, \u017ce zrobi\u0142 to &#8222;najeba\u0142 pies&#8221;. I ja te\u017c to powtarzam, ale ze \u015bwiadomo\u015bci\u0105 oraz lubo\u015bci\u0105, \u017ce m\u00f3wi\u0119 jak babcia \ud83d\ude09<br><\/p>\n\n\n\n<p class=\"wp-block-paragraph\">By\u0142a tak jak i ja spod Lwa\u2026 Gdyby \u017cy\u0142a mia\u0142aby ponad 120 lat\u2026<\/p>\n","protected":false},"excerpt":{"rendered":"<p>Mia\u0142am dwie babcie, ale niestety tylko jedna pomaga\u0142a mnie wychowywa\u0107. Babcia Janina z Adamskich Piekarska (1905-1973), cho\u0107 w miar\u0119 dobrze j\u0105 pami\u0119tam, zmar\u0142a, gdy mia\u0142am niespe\u0142na 6 lat. Pami\u0119tam jak odwiedza\u0142am j\u0105 w domu na Sadybie. By\u0142a wdow\u0105. Dziadka Bronis\u0142awa Piekarskiego (1901-1960) nie pozna\u0142am, bo&#8230;<\/p>\n<div class=\"easywp-readmore\"><a class=\"read-more-link\" href=\"http:\/\/blog.piekarska.com.pl\/?p=140086\">Czytaj dalej&#8230;<span class=\"easywp-sr-only\">  Z okazji Dnia Babci\u2026<\/span><\/a><\/div>\n","protected":false},"author":1,"featured_media":140087,"comment_status":"closed","ping_status":"closed","sticky":false,"template":"","format":"standard","meta":{"_crdt_document":"","footnotes":""},"categories":[11],"tags":[1676,184,1729,1731,566,1730],"class_list":["post-140086","post","type-post","status-publish","format-standard","has-post-thumbnail","hentry","category-prywatne","tag-bronislaw-michal-piekarski","tag-bronislaw-piekarski","tag-dzien-babci","tag-janina-z-adamskich-piekarska","tag-julian-stec","tag-konstancja-z-kurzynskich-stecowa","wpcat-11-id"],"_links":{"self":[{"href":"http:\/\/blog.piekarska.com.pl\/index.php?rest_route=\/wp\/v2\/posts\/140086","targetHints":{"allow":["GET"]}}],"collection":[{"href":"http:\/\/blog.piekarska.com.pl\/index.php?rest_route=\/wp\/v2\/posts"}],"about":[{"href":"http:\/\/blog.piekarska.com.pl\/index.php?rest_route=\/wp\/v2\/types\/post"}],"author":[{"embeddable":true,"href":"http:\/\/blog.piekarska.com.pl\/index.php?rest_route=\/wp\/v2\/users\/1"}],"replies":[{"embeddable":true,"href":"http:\/\/blog.piekarska.com.pl\/index.php?rest_route=%2Fwp%2Fv2%2Fcomments&post=140086"}],"version-history":[{"count":1,"href":"http:\/\/blog.piekarska.com.pl\/index.php?rest_route=\/wp\/v2\/posts\/140086\/revisions"}],"predecessor-version":[{"id":140088,"href":"http:\/\/blog.piekarska.com.pl\/index.php?rest_route=\/wp\/v2\/posts\/140086\/revisions\/140088"}],"wp:featuredmedia":[{"embeddable":true,"href":"http:\/\/blog.piekarska.com.pl\/index.php?rest_route=\/wp\/v2\/media\/140087"}],"wp:attachment":[{"href":"http:\/\/blog.piekarska.com.pl\/index.php?rest_route=%2Fwp%2Fv2%2Fmedia&parent=140086"}],"wp:term":[{"taxonomy":"category","embeddable":true,"href":"http:\/\/blog.piekarska.com.pl\/index.php?rest_route=%2Fwp%2Fv2%2Fcategories&post=140086"},{"taxonomy":"post_tag","embeddable":true,"href":"http:\/\/blog.piekarska.com.pl\/index.php?rest_route=%2Fwp%2Fv2%2Ftags&post=140086"}],"curies":[{"name":"wp","href":"https:\/\/api.w.org\/{rel}","templated":true}]}}