{"id":139744,"date":"2018-05-16T10:50:17","date_gmt":"2018-05-16T10:50:17","guid":{"rendered":"http:\/\/blog.piekarska.com.pl\/?p=139744"},"modified":"2018-05-15T11:17:09","modified_gmt":"2018-05-15T11:17:09","slug":"jest-okazja-czyli-zapraszam-na-warszawskie-targi-ksiazki","status":"publish","type":"post","link":"http:\/\/blog.piekarska.com.pl\/?p=139744","title":{"rendered":"Jest okazja, czyli zapraszam na Warszawskie Targi Ksi\u0105\u017cki"},"content":{"rendered":"<p>Warszawskie Targi Ksi\u0105\u017cki rozpoczn\u0105 si\u0119 w czwartek 17 maja i potrwaj\u0105 do niedzieli 20 maja. Mnie b\u0119dzie mo\u017cna spotka\u0107 <strong>20 maja<\/strong> najpierw <strong>w Sali LONDYN A<\/strong> w godzinach <strong>13:00-13:50<\/strong> na panelowym spotkaniu pt.\u00a0&#8222;Jak pisa\u0107 o historii dla dzieci i m\u0142odzie\u017cy&#8221;, kt\u00f3re poprowadzi Manula Kalicka, a potem od <strong>14:00-15:00<\/strong>, czyli tylko przez godzin\u0119 b\u0119d\u0119 podpisywa\u0142a ksi\u0105\u017cki na stoisku Stowarzyszenia Pisarzy Polskich nr <strong>310\/G<\/strong>.<\/p>\n<p>B\u0119d\u0119 podpisywa\u0142a nast\u0119puj\u0105ce ksi\u0105\u017cki: &#8222;Czucie i Wiara, czyli warszawskie duchy&#8221;, &#8222;Kurs dziennikarstwa dla samouk\u00f3w&#8221;, &#8222;Syn dw\u00f3ch matek&#8221;, &#8222;Klasa pani Czajki&#8221;, &#8222;LO-teria&#8221;, &#8222;Tropiciele&#8221; i &#8222;Dzika&#8221;, a tak\u017ce audiobooki. Wszystkie w\/w pozycje b\u0119dzie mo\u017cna kupi\u0107 na miejscu w promocyjnych cenach.<\/p>\n<p>Gdyby kto\u015b by\u0142 zainteresowany to informuj\u0119, bo jest to okazja tak\u017ce ku temu, by zwyczajnie si\u0119 spotka\u0107 i cho\u0107 chwil\u0119 porozmawia\u0107.<\/p>\n","protected":false},"excerpt":{"rendered":"<p>Warszawskie Targi Ksi\u0105\u017cki rozpoczn\u0105 si\u0119 w czwartek 17 maja i potrwaj\u0105 do niedzieli 20 maja. Mnie b\u0119dzie mo\u017cna spotka\u0107 20 maja najpierw w Sali LONDYN A w godzinach 13:00-13:50 na panelowym spotkaniu pt.\u00a0&#8222;Jak pisa\u0107 o historii dla dzieci i m\u0142odzie\u017cy&#8221;, kt\u00f3re poprowadzi Manula Kalicka, a&#8230;<\/p>\n<div class=\"easywp-readmore\"><a class=\"read-more-link\" href=\"http:\/\/blog.piekarska.com.pl\/?p=139744\">Czytaj dalej&#8230;<span class=\"easywp-sr-only\">  Jest okazja, czyli zapraszam na Warszawskie Targi Ksi\u0105\u017cki<\/span><\/a><\/div>\n","protected":false},"author":1,"featured_media":139745,"comment_status":"closed","ping_status":"closed","sticky":false,"template":"","format":"standard","meta":{"_crdt_document":"","footnotes":""},"categories":[5,6],"tags":[253,318,615,699,733,1295,1375,1430],"class_list":["post-139744","post","type-post","status-publish","format-standard","has-post-thumbnail","hentry","category-kultura","category-pisarstwo","tag-czucie-i-wiara","tag-dzika","tag-klasa-pani-czajki","tag-kurs-dziennikarstwa-dla-samoukow","tag-lo-teria","tag-syn-dwoch-matek","tag-tropiciele","tag-warszawskie-targi-ksiazki","wpcat-5-id","wpcat-6-id"],"_links":{"self":[{"href":"http:\/\/blog.piekarska.com.pl\/index.php?rest_route=\/wp\/v2\/posts\/139744","targetHints":{"allow":["GET"]}}],"collection":[{"href":"http:\/\/blog.piekarska.com.pl\/index.php?rest_route=\/wp\/v2\/posts"}],"about":[{"href":"http:\/\/blog.piekarska.com.pl\/index.php?rest_route=\/wp\/v2\/types\/post"}],"author":[{"embeddable":true,"href":"http:\/\/blog.piekarska.com.pl\/index.php?rest_route=\/wp\/v2\/users\/1"}],"replies":[{"embeddable":true,"href":"http:\/\/blog.piekarska.com.pl\/index.php?rest_route=%2Fwp%2Fv2%2Fcomments&post=139744"}],"version-history":[{"count":1,"href":"http:\/\/blog.piekarska.com.pl\/index.php?rest_route=\/wp\/v2\/posts\/139744\/revisions"}],"predecessor-version":[{"id":139746,"href":"http:\/\/blog.piekarska.com.pl\/index.php?rest_route=\/wp\/v2\/posts\/139744\/revisions\/139746"}],"wp:featuredmedia":[{"embeddable":true,"href":"http:\/\/blog.piekarska.com.pl\/index.php?rest_route=\/wp\/v2\/media\/139745"}],"wp:attachment":[{"href":"http:\/\/blog.piekarska.com.pl\/index.php?rest_route=%2Fwp%2Fv2%2Fmedia&parent=139744"}],"wp:term":[{"taxonomy":"category","embeddable":true,"href":"http:\/\/blog.piekarska.com.pl\/index.php?rest_route=%2Fwp%2Fv2%2Fcategories&post=139744"},{"taxonomy":"post_tag","embeddable":true,"href":"http:\/\/blog.piekarska.com.pl\/index.php?rest_route=%2Fwp%2Fv2%2Ftags&post=139744"}],"curies":[{"name":"wp","href":"https:\/\/api.w.org\/{rel}","templated":true}]}}