{"id":139618,"date":"2018-01-08T07:48:18","date_gmt":"2018-01-08T07:48:18","guid":{"rendered":"http:\/\/blog.piekarska.com.pl\/?p=139618"},"modified":"2018-01-09T20:51:33","modified_gmt":"2018-01-09T20:51:33","slug":"albo-zly-serial-albo-mnie-zle-uczono","status":"publish","type":"post","link":"http:\/\/blog.piekarska.com.pl\/?p=139618","title":{"rendered":"Albo z\u0142y serial albo mnie \u017ale uczono"},"content":{"rendered":"<p>Przez ostatni tydzie\u0144 &#8222;bawi\u0142am&#8221; w sanatorium w Busku Zdroju. Tam obejrza\u0142am dwa odcinki serialu &#8222;Korona kr\u00f3l\u00f3w&#8221; i za\u0142ama\u0142am si\u0119.\u00a0Scenariuszowo jest to bardzo s\u0142abe. Jak drugi odcinek zacz\u0105\u0142 si\u0119 od streszczenia tego co sta\u0142o si\u0119 pomi\u0119dzy ko\u0144cem pierwszego odcinka (czyli opowiedzeniem nienakr\u0119conych scen) to po prostu odpad\u0142am!\u00a0Tam gdzie mo\u017cna podgoni\u0107 akcj\u0119 to w serialu mamy d\u0142u\u017cyzny, a tam gdzie najciekawsze rzeczy si\u0119 dziej\u0105 to je streszczaj\u0105. Te siedem lat, kt\u00f3re przepad\u0142o mi\u0119dzy pierwszym a drugim odcinkiem to okres m.in. bitwy pod P\u0142owcami i skandalu obyczajowego na dworze w\u0119gierskim.<\/p>\n<p>Przez dwa lata chodzi\u0142am do &#8222;Wytw\u00f3rni Scenariuszy&#8221;, czyli szko\u0142y uruchomionej przez Wytw\u00f3rni\u0119 Film\u00f3w Dokumentalnych i Fabularnych, w kt\u00f3rej uczono zawodowego pisania scenariuszy. W pa\u017adzierniku obroni\u0142am dyplom.\u00a0<a href=\"http:\/\/blog.piekarska.com.pl\/wp-content\/uploads\/2014\/06\/bba2680d905613eafddb88f3e500a36b-355.jpg\"><img loading=\"lazy\" decoding=\"async\" class=\"alignright size-medium wp-image-9776\" src=\"http:\/\/blog.piekarska.com.pl\/wp-content\/uploads\/2014\/06\/bba2680d905613eafddb88f3e500a36b-355.jpg\" alt=\"\" width=\"1\" height=\"1\" \/><\/a> <a href=\"http:\/\/blog.piekarska.com.pl\/wp-content\/uploads\/2018\/01\/kurs.jpg\"><img loading=\"lazy\" decoding=\"async\" class=\"aligncenter wp-image-139619 size-medium\" src=\"http:\/\/blog.piekarska.com.pl\/wp-content\/uploads\/2018\/01\/kurs-225x300.jpg\" alt=\"\" width=\"225\" height=\"300\" srcset=\"http:\/\/blog.piekarska.com.pl\/wp-content\/uploads\/2018\/01\/kurs-225x300.jpg 225w, http:\/\/blog.piekarska.com.pl\/wp-content\/uploads\/2018\/01\/kurs-768x1024.jpg 768w, http:\/\/blog.piekarska.com.pl\/wp-content\/uploads\/2018\/01\/kurs.jpg 1080w\" sizes=\"auto, (max-width: 225px) 100vw, 225px\" \/><\/a><\/p>\n<p>To co zobaczy\u0142am na ekranie jest zaprzeczeniem tego, czego na zaj\u0119ciach w WFDiF uczyli mnie Maciej Karpi\u0144ski, S\u0142awomir Fabicki, Krzysztof Zanussi, Marek Hendrykowski, Feliks Falk, Jerzy Domaradzki i kilku innych tw\u00f3rc\u00f3w, kt\u00f3rzy s\u0105 dla mnie autorytetem.<\/p>\n<p>Dlatego mo\u017cliwo\u015bci s\u0105 dwie.<\/p>\n<p><strong>Pierwsza<\/strong>, \u017ce \u017ale mnie uczono i WFDiF powinno si\u0119 zr\u00f3wna\u0107 z ziemi\u0105, a moim wyk\u0142adowcom nigdy wi\u0119cej nie da\u0107 ju\u017c nic do realizacji. Ja za\u015b powinnam wyrzuci\u0107 dyplom do \u015bmieci.<\/p>\n<p><strong>Druga<\/strong>, \u017ce jest to po prostu z\u0142y\u00a0scenariusz.<\/p>\n<p>Obstawiam to drugie, by\u0107 mo\u017ce b\u0142\u0119dnie, ale ci\u0119\u017cko by\u0142oby mi na sercu, gdyby okaza\u0142o si\u0119, \u017ce wyrzuci\u0142am w b\u0142oto pieni\u0105dze, kt\u00f3re wyda\u0142am na nauk\u0119.\u00a0Tymczasem to tam nauczono mnie, \u017ce telenowel\u0119 si\u0119 ci\u0105gnie a nie skraca. Za\u015b robienie przeskoku 7 lat p\u00f3\u017aniej mo\u017cliwe jest jedynie w ostatnim odcinku telenoweli. Nigdy w drugim. I to jest zdanie latynoameryka\u0144skich scenarzyst\u00f3w, kt\u00f3rzy w telenowelach si\u0119 specjalizuj\u0105.<\/p>\n<p>Na zaj\u0119ciach opowiadano nam kilka anegdot. Przytocz\u0119 jedn\u0105.<\/p>\n<p>W polskiej telenoweli bohater wsiada do poci\u0105gu w Warszawie i jedzie w wa\u017cnej sprawie do Krakowa. W nast\u0119pnym odcinku jest w Krakowie. Latynosi zarykuj\u0105 si\u0119 ze \u015bmiechu jak Polacy zmarnowali super okazj\u0119, by nakr\u0119ci\u0107 minimum 15 odcink\u00f3w o tym jak jedzie poci\u0105giem i co go w tym poci\u0105gu spotka\u0142o. Amerykanie nakr\u0119ciliby o tym &#8222;tylko&#8221; 5.<\/p>\n<p>Tymczasem tw\u00f3rcy &#8222;Korony kr\u00f3l\u00f3w&#8221; zmarnowali 7 lat dziej\u00f3w Polski, podczas kt\u00f3rych mogli nakr\u0119ci\u0107 co najmniej sto odcink\u00f3w. Rozumiem, \u017ce TVP nie ma pieni\u0119dzy, by pokazywa\u0107 sceny batalistyczne, ale mo\u017cna pokazywa\u0107 intrygi w obozie kr\u00f3la, to co w tym czasie dzieje si\u0119 na dworze itd. Tymczasem tw\u00f3rcy tego widzom &#8222;oszcz\u0119dzili&#8221;. Oszcz\u0119dzili te\u017c im smakowitego k\u0105sku pt. skandal obyczajowy na dworze w\u0119gierskim. Oto w\u0142a\u015bnie wtedy polski kr\u00f3lewicz mia\u0142 romans z pi\u0119kn\u0105\u00a0Klar\u0105 Zach, dw\u00f3rk\u0105 swej siostry\u00a0El\u017cbiety, cho\u0107 niekt\u00f3rzy twierdz\u0105, \u017ce by\u0142 to nie romans a gwa\u0142t (jedno i drugie \u015bwietne jako temat na telenowel\u0119). Podobno w\u00a0zorganizowaniu schadzki Kazimierza i Klary pomaga\u0142a sama kr\u00f3lowa, czyli siostra Kazimierza Wielkiego. Po odje\u017adzie kr\u00f3lewicza sprawa wysz\u0142a na jaw, a 17 kwietnia 1330 roku (tak, tak! data jest znana)\u00a0ojciec Klary Felicjan Zach wtargn\u0105\u0142 z mieczem do komnaty kr\u00f3lewskiej, zaatakowa\u0142 kr\u00f3low\u0105 i odci\u0105\u0142 jej cztery palce, a pr\u00f3buj\u0105cego j\u0105 broni\u0107 kr\u00f3la zrani\u0142 w rami\u0119. Zosta\u0142 zabity przez Jana Cselenyiego, dworzanina kr\u00f3lowej. Kr\u00f3l rozkaza\u0142 po\u0107wiartowa\u0107 zw\u0142oki zamachowca i wystawi\u0107 na widok publiczny w wi\u0119kszych miastach w\u0119gierskich. Tymczasem ten w\u0105tek zosta\u0142 pomini\u0119ty.<\/p>\n<p>Mamy za to pseudo telenowel\u0119, kt\u00f3rej bohaterowie odziani tandetnie jakby stroje kupiono im w galerii handlowej w dziale z kostiumami karnawa\u0142owymi m\u00f3wi\u0105 j\u0119zykiem z XXI wieku (do kompletu brakuje &#8222;siema&#8221; i &#8222;spoko&#8221;). Na dodatek w przedsi\u0119wzi\u0119ciu (telenowel\u0105 tego jednak nie nazw\u0119, serialem te\u017c nie) graj\u0105 drewniani aktorzy, a jedynym plusem jest Halina \u0141abonarska. Nie jest to jednak plus, kt\u00f3ry przes\u0142oni mi minusy.\u00a0\u017baden z dw\u00f3ch obejrzanych przeze mnie odcink\u00f3w<span class=\"text_exposed_show\">\u00a0nie sko\u0144czy\u0142 si\u0119 tak, by mnie ciekawi\u0142o co b\u0119dzie dalej, wi\u0119c na tych dw\u00f3ch odcinkach poprzesta\u0142am spe\u0142niaj\u0105c obowi\u0105zek obejrzenia. I przyznam, \u017ce przykro mi. Rozumiem, \u017ce to nie &#8222;Gra o tron&#8221;, ale nie jest to nawet &#8222;Wspania\u0142e stulecie&#8221;. To jest tragiczne nieporozumienie za publiczne pieni\u0105dze. Albo&#8230; naprawd\u0119 dwa lata nauki powinnam wyrzuci\u0107 do kosza na \u015bmieci a dyplom spali\u0107.\u00a0<\/span><\/p>\n","protected":false},"excerpt":{"rendered":"<p>Przez ostatni tydzie\u0144 &#8222;bawi\u0142am&#8221; w sanatorium w Busku Zdroju. Tam obejrza\u0142am dwa odcinki serialu &#8222;Korona kr\u00f3l\u00f3w&#8221; i za\u0142ama\u0142am si\u0119.\u00a0Scenariuszowo jest to bardzo s\u0142abe. Jak drugi odcinek zacz\u0105\u0142 si\u0119 od streszczenia tego co sta\u0142o si\u0119 pomi\u0119dzy ko\u0144cem pierwszego odcinka (czyli opowiedzeniem nienakr\u0119conych scen) to po prostu&#8230;<\/p>\n<div class=\"easywp-readmore\"><a class=\"read-more-link\" href=\"http:\/\/blog.piekarska.com.pl\/?p=139618\">Czytaj dalej&#8230;<span class=\"easywp-sr-only\">  Albo z\u0142y serial albo mnie \u017ale uczono<\/span><\/a><\/div>\n","protected":false},"author":1,"featured_media":139619,"comment_status":"closed","ping_status":"closed","sticky":false,"template":"","format":"standard","meta":{"_crdt_document":"","footnotes":""},"categories":[5],"tags":[1621,1623,1622,1201,1356,1384,1624],"class_list":["post-139618","post","type-post","status-publish","format-standard","has-post-thumbnail","hentry","category-kultura","tag-korona-krolow","tag-nauka","tag-scenariusz","tag-serial","tag-telenowela","tag-tvp","tag-wytwornia-scenariuszy","wpcat-5-id"],"_links":{"self":[{"href":"http:\/\/blog.piekarska.com.pl\/index.php?rest_route=\/wp\/v2\/posts\/139618","targetHints":{"allow":["GET"]}}],"collection":[{"href":"http:\/\/blog.piekarska.com.pl\/index.php?rest_route=\/wp\/v2\/posts"}],"about":[{"href":"http:\/\/blog.piekarska.com.pl\/index.php?rest_route=\/wp\/v2\/types\/post"}],"author":[{"embeddable":true,"href":"http:\/\/blog.piekarska.com.pl\/index.php?rest_route=\/wp\/v2\/users\/1"}],"replies":[{"embeddable":true,"href":"http:\/\/blog.piekarska.com.pl\/index.php?rest_route=%2Fwp%2Fv2%2Fcomments&post=139618"}],"version-history":[{"count":3,"href":"http:\/\/blog.piekarska.com.pl\/index.php?rest_route=\/wp\/v2\/posts\/139618\/revisions"}],"predecessor-version":[{"id":139622,"href":"http:\/\/blog.piekarska.com.pl\/index.php?rest_route=\/wp\/v2\/posts\/139618\/revisions\/139622"}],"wp:featuredmedia":[{"embeddable":true,"href":"http:\/\/blog.piekarska.com.pl\/index.php?rest_route=\/wp\/v2\/media\/139619"}],"wp:attachment":[{"href":"http:\/\/blog.piekarska.com.pl\/index.php?rest_route=%2Fwp%2Fv2%2Fmedia&parent=139618"}],"wp:term":[{"taxonomy":"category","embeddable":true,"href":"http:\/\/blog.piekarska.com.pl\/index.php?rest_route=%2Fwp%2Fv2%2Fcategories&post=139618"},{"taxonomy":"post_tag","embeddable":true,"href":"http:\/\/blog.piekarska.com.pl\/index.php?rest_route=%2Fwp%2Fv2%2Ftags&post=139618"}],"curies":[{"name":"wp","href":"https:\/\/api.w.org\/{rel}","templated":true}]}}