{"id":138647,"date":"2009-04-09T11:57:50","date_gmt":"2009-04-09T09:57:50","guid":{"rendered":"http:\/\/piekarska.blog.pl\/?p=805"},"modified":"2009-04-09T11:57:50","modified_gmt":"2009-04-09T09:57:50","slug":"sranie-w-banie-czyli-wezwanie-2","status":"publish","type":"post","link":"http:\/\/blog.piekarska.com.pl\/?p=138647","title":{"rendered":"Sranie w banie, czyli wezwanie"},"content":{"rendered":"<p>Nie pami\u0119tam, kiedy ostatnio tak si\u0119 zdenerwowa\u0142am. Ot\u00f3\u017c wczoraj odebra\u0142am z poczty wezwanie do s\u0105du rodzinnego. Z wezwania wys\u0142anego 31 marca wyczyta\u0142am, \u017ce 15 marca ma si\u0119 odby\u0107 sprawa, na kt\u00f3rej zostan\u0105 mi ograniczone prawa rodzicielskie. Ma\u0142o si\u0119 nie przewr\u00f3ci\u0142am. Mo\u017ce sprawa si\u0119 ju\u017c odby\u0142a? Mo\u017ce ju\u017c mi ograniczono? Przecie\u017c 15 marca ju\u017c by\u0142. A w og\u00f3le, to\u2026 co ja \u017ale robi\u0119? Nie pij\u0119, nie pal\u0119, nie znikam na ca\u0142e noce, nie sprowadzam podejrzanych typ\u00f3w, nie zamieniam domu w melin\u0119. Nie t\u0142uk\u0119 dziecka, nie demoralizuj\u0119, nie poni\u017cam, nie molestuj\u0119, nie g\u0142odz\u0119. O co wi\u0119c chodzi? By\u0142o ju\u017c po 16-tej i s\u0105d nie dzia\u0142a\u0142. R\u0119ce mi si\u0119 trz\u0119s\u0142y, wi\u0119c zadzwoni\u0142am do kumpla, kt\u00f3ry jest kuratorem s\u0105dowym, ale w innej dzielnicy. Poradzi\u0142 szczer\u0105 rozmow\u0119 z synem. &#8211; Ograniczy\u0107 prawa rodzicielskie mo\u017cna, gdy dziecko uchyla si\u0119 od obowi\u0105zku szkolnego &#8211; powiedzia\u0142. &#8211; Wtedy szko\u0142a powiadamia s\u0105d rodzinny. Mo\u017ce on si\u0119 nie uczy? Uczy si\u0119. Mo\u017ce or\u0142em nie jest, ale nieukiem te\u017c nie. Poza tym w szkole jest internetowy dziennik. Codziennie mog\u0119 zajrze\u0107 do tego dziennika i sprawdzi\u0107 stopnie. &#8211; Mo\u017ce wagaruje? \u2013 spyta\u0142 kumpel. Te\u017c odpada\u0142o. W internetowym dzienniku mo\u017cna sprawdzi\u0107 r\u00f3wnie\u017c nieobecno\u015bci. &#8211; Mo\u017ce spisa\u0142 go patrol szkolny albo policja? \u2013 indagowa\u0142 kumpel-kurator. Nic z tych rzeczy. Maciek twierdzi\u0142, \u017ce nie. Z policj\u0105 mia\u0142 do czynienia raz, gdy ca\u0142\u0105 dru\u017cyn\u0105 w mundurkach harcerskich szli \u015brodkiem chodnika. Zostali pouczeni, by trzyma\u0107 si\u0119 kraw\u0119\u017cnika, ale nikt nikogo nie spisywa\u0142. Byli\u015bmy wi\u0119c z naszymi my\u015blami w tzw. \u201eczarnej dupie\u201d. Zdenerwowani oboje \u2013 i ja i m\u00f3j syn, kt\u00f3rego na polecenie kumpla zawodowego kuratora przes\u0142ucha\u0142am, czy aby na pewno nie jest c\u017c\u0142onkiem gangu itd. Oczywi\u015bcie oboje pocieszali\u015bmy si\u0119, \u017ce to jaka\u015b bzdura i si\u0119 na pewno wyja\u015bni. Jednak wiecz\u00f3r mieli\u015bmy z g\u0142owy. Wyja\u015bni\u0142o si\u0119 rano. S\u0105d si\u0119 pomyli\u0142. Wzi\u0105\u0142 nie ten druk. Nie to wpisa\u0142. Sprawa, na kt\u00f3r\u0105 mnie wzywaj\u0105 (nota bene na 15 maja) dotyczy czego\u015b zupe\u0142nie, ale to zupe\u0142nie innego. Zosta\u0142am przeproszona. I tylko\u2026 kto zwr\u00f3ci wczorajsze zepsute popo\u0142udnie? Mia\u0142am p\u00f3j\u015b\u0107 na spacer do parku i fotografowa\u0107. Zrobi\u0142am cztery zdj\u0119cia, bo wi\u0119cej nie by\u0142am w stanie. A sekretarka s\u0105du do mnie dzisiaj: &#8211; Eeee tam. Nic si\u0119 nie sta\u0142o przecie\u017c. Pomy\u0142ki si\u0119 zdarzaj\u0105. A termin jest na 15 maja. Wa\u017cne, \u017ce odebra\u0142a pani wezwanie. To ja sranie w banie na takie wezwanie. PS. Znajomi namawiaj\u0105, by wyst\u0105pi\u0107 do s\u0105du o odszkodowanie.<\/p>\n","protected":false},"excerpt":{"rendered":"<p>Nie pami\u0119tam, kiedy ostatnio tak si\u0119 zdenerwowa\u0142am. Ot\u00f3\u017c wczoraj odebra\u0142am z poczty wezwanie do s\u0105du rodzinnego. Z wezwania wys\u0142anego 31 marca wyczyta\u0142am, \u017ce 15 marca ma si\u0119 odby\u0107 sprawa, na kt\u00f3rej zostan\u0105 mi ograniczone prawa rodzicielskie. Ma\u0142o si\u0119 nie przewr\u00f3ci\u0142am. Mo\u017ce sprawa si\u0119 ju\u017c odby\u0142a?&#8230;<\/p>\n<div class=\"easywp-readmore\"><a class=\"read-more-link\" href=\"http:\/\/blog.piekarska.com.pl\/?p=138647\">Czytaj dalej&#8230;<span class=\"easywp-sr-only\">  Sranie w banie, czyli wezwanie<\/span><\/a><\/div>\n","protected":false},"author":1,"featured_media":0,"comment_status":"closed","ping_status":"open","sticky":false,"template":"","format":"standard","meta":{"_crdt_document":"","footnotes":""},"categories":[11],"tags":[1411,1412,1413],"class_list":["post-138647","post","type-post","status-publish","format-standard","hentry","category-prywatne","tag-urzad","tag-urzednicy","tag-urzedy","wpcat-11-id"],"_links":{"self":[{"href":"http:\/\/blog.piekarska.com.pl\/index.php?rest_route=\/wp\/v2\/posts\/138647","targetHints":{"allow":["GET"]}}],"collection":[{"href":"http:\/\/blog.piekarska.com.pl\/index.php?rest_route=\/wp\/v2\/posts"}],"about":[{"href":"http:\/\/blog.piekarska.com.pl\/index.php?rest_route=\/wp\/v2\/types\/post"}],"author":[{"embeddable":true,"href":"http:\/\/blog.piekarska.com.pl\/index.php?rest_route=\/wp\/v2\/users\/1"}],"replies":[{"embeddable":true,"href":"http:\/\/blog.piekarska.com.pl\/index.php?rest_route=%2Fwp%2Fv2%2Fcomments&post=138647"}],"version-history":[{"count":0,"href":"http:\/\/blog.piekarska.com.pl\/index.php?rest_route=\/wp\/v2\/posts\/138647\/revisions"}],"wp:attachment":[{"href":"http:\/\/blog.piekarska.com.pl\/index.php?rest_route=%2Fwp%2Fv2%2Fmedia&parent=138647"}],"wp:term":[{"taxonomy":"category","embeddable":true,"href":"http:\/\/blog.piekarska.com.pl\/index.php?rest_route=%2Fwp%2Fv2%2Fcategories&post=138647"},{"taxonomy":"post_tag","embeddable":true,"href":"http:\/\/blog.piekarska.com.pl\/index.php?rest_route=%2Fwp%2Fv2%2Ftags&post=138647"}],"curies":[{"name":"wp","href":"https:\/\/api.w.org\/{rel}","templated":true}]}}