{"id":138457,"date":"2008-04-02T20:33:11","date_gmt":"2008-04-02T18:33:11","guid":{"rendered":"http:\/\/piekarska.blog.pl\/?p=336"},"modified":"2008-04-02T20:33:11","modified_gmt":"2008-04-02T18:33:11","slug":"brazownicy-2","status":"publish","type":"post","link":"http:\/\/blog.piekarska.com.pl\/?p=138457","title":{"rendered":"Br\u0105zownicy"},"content":{"rendered":"<p style=\"margin-bottom: 0cm\">Niedawno pisa\u0142am o tym jak koledzy z redakcji \u017cartem oskar\u017cyli mnie o u\u015bmiercienie Gustawa Holoubka, bo dwa dni przed jego zgonem pokazywa\u0142am parodi\u0119 Holoubka w wykonaniu Macieja Stuhra. M\u00f3wi sie, \u017ce parodia najwy\u017csz\u0105 form\u0105 uznania, a jednak&#8230; Kiedy wczoraj ponownie chcia\u0142am pokaza\u0107 komu\u015b filmik z Maciejem Stuhrem parodiuj\u0105cym Holoubka okaza\u0142o si\u0119, \u017ce&#8230; zosta\u0142 usuni\u0119ty z Youtube. C\u00f3\u017c&#8230; historia lubi si\u0119 powtarza\u0107.<\/p>\n<p style=\"margin-bottom: 0cm\">Kiedy w dwudziestoleciu Tadeusz Boy-\u017bele\u0144ski opublikowa\u0142 &#8222;Br\u0105zownik\u00f3w&#8221;, w kt\u00f3rych odbr\u0105zowi\u0142 Fredr\u0119 i Mickiewicza posypa\u0142y si\u0119 na jego g\u0142ow\u0119 gromy. Nie znam cz\u0142owieka, kt\u00f3ry przeczytawszy &#8222;Br\u0105zownik\u00f3w&#8221; nie pokocha\u0142by bardziej Mickiewicza czy Fredry. Ta ksi\u0105\u017cka uczyni\u0142a ich bardziej ludzkimi w oczach potomnych, a jednak&#8230; nie lubimy odbr\u0105zawia\u0107. Wzrucamy ludzi na pomniki i piedesta\u0142y, cho\u0107 oni sami cz\u0119sto lepiej czuli si\u0119 mi\u0119dzy nami. Czemu dzis o tym pisz\u0119? Bo od trzech lat, czyli od \u015bmierci papie\u017ca Jana Paw\u0142a II mamy ponury 1 kwietnia i ponury tydzie\u0144. Zupe\u0142nie jakby szacunek i uwielbienie by\u0142y czym\u015b przeciwstawnym do u\u015bmiechu. Przypomina mi to dysput\u0119 znan\u0105 z ksi\u0105\u017cki &#8222;Imi\u0119 r\u00f3\u017cy&#8221; Umberto Eco o tym czy Pan Jezus si\u0119 u\u015bmiecha\u0142 i \u015bmia\u0142. Czcigodny Jorge twierdzi\u0142, \u017ce sie nie \u015bmia\u0142, bo nie ma na ten temat wzmianki w Biblli. &#8222;Nie ma r\u00f3wnie\u017c o tym, \u017ce si\u0119 nie \u015bmia\u0142&#8221; zauwa\u017cy\u0142 William de Baskerville. Co wtedy us\u0142ysza\u0142? &#8222;Tum podex carmen extulit horridullum&#8221;, czyli&#8230; &#8222;wtedy ty\u0142ek wyda\u0142 z siebie pie\u015b\u0144 straszliw\u0105&#8221;. Ta \u0142aci\u0144ska sentencja mia\u0142a u\u015bwiadomi\u0107 Williama de Baskerville, \u017ce bzdury gada. Ubr\u0105zawiamy przez lata wszystkich i wszystko co si\u0119 da. Gdy rok temu zmar\u0142 kolega z pracy &#8211; szacowny redaktor Stanis\u0142aw W\u0142odarski rozgorza\u0142a dysputa, czy w materiale wspomnieniowym mo\u017ce pa\u015b\u0107, \u017ce nazywalismy go &#8222;Wujem&#8221;! A przecie\u017c on swoja &#8222;ksywk\u0119&#8221; uwielbia\u0142! Paranoja!<\/p>\n<p style=\"margin-bottom: 0cm\">Dzi\u015b jest trzecia rocznica smierci Jana Paw\u0142a II &#8211; najweselszego papie\u017ca w historii. \u015amier\u0107 cz\u0142owieka to jego narodziny dla nieba. To chwila, na kt\u00f3ra czeka ka\u017cdy wierz\u0105cy chrze\u015bcijanin. A jednak w dniu narodzin Naszego Papie\u017ca dla nieba jeste\u015bmy ponurzy. M\u00f3wi\u0119 temu veto! Nie dajmy si\u0119 zwariowa\u0107. Na szcz\u0119scie kiedy\u015b drukiem ukaza\u0142y si\u0119 &#8222;Kwiatki Jana Paw\u0142a II&#8221; zamieszczam wyj\u0105tki.<\/p>\n<p style=\"margin-bottom: 0cm\">&nbsp;<\/p>\n<p style=\"margin-bottom: 0cm\">&nbsp;<\/p>\n<p style=\"margin-bottom: 0cm\">Szklana klatka<\/p>\n<p style=\"margin-bottom: 0cm\">Papie\u017c by\u0142 bardzo niezadowolony z tego, \u017ce obwozi si\u0119 go w szklanej klatce. Pomys\u0142u tego broni\u0142a pewna Polka, maj\u0105c mo\u017cliwo\u015b\u0107 rozmowy z Janem Paw\u0142em II w Krakowie.<\/p>\n<p style=\"margin-bottom: 0cm\">&#8211; Ta klatka zmniejsza jednak ryzyko &#8211; t\u0142umaczy\u0142a &#8211; Nic nie poradzimy, \u017ce si\u0119 l\u0119kamy o Wasz\u0105 \u015awi\u0105tobliwo\u015b\u0107&#8230;<\/p>\n<p style=\"margin-bottom: 0cm\">&#8211; Ja te\u017c &#8211; u\u015bmiechn\u0105\u0142 si\u0119 Papie\u017c &#8211; niepokoj\u0119 si\u0119 o swoj\u0105 \u015bwi\u0105tobliwo\u015b\u0107.<\/p>\n<p style=\"margin-bottom: 0cm\">&nbsp;<\/p>\n<p style=\"margin-bottom: 0cm\">Wszyscy sobie poszli<\/p>\n<p style=\"margin-bottom: 0cm\">Kt\u00f3rego\u015b wieczoru, podczas szpitalnej rekonwalescencji w klinice Gemelli po zamachu na Placu \u015bwi\u0119tego Piotra, Papie\u017c wyszed\u0142 ze swojego pokoju na opustosza\u0142y korytarz. Rozejrza\u0142 si\u0119 i powiedzia\u0142: &#8222;\u0141adne rzeczy, wszyscy sobie poszli, a mnie zostawili!&#8221;<\/p>\n<p style=\"margin-bottom: 0cm\">&nbsp;<\/p>\n<p style=\"margin-bottom: 0cm\">Podryw na ksi\u0119dza<\/p>\n<p style=\"margin-bottom: 0cm\">Pewnego razu Karol Worty\u0142a wybra\u0142 si\u0119 na samotn\u0105 wycieczk\u0119 w g\u00f3ry.<\/p>\n<p style=\"margin-bottom: 0cm\">Ubrany sportowo, wygl\u0105da\u0142 tak, jak wielu innych turyst\u00f3w. W trakcie w\u0119dr\u00f3wki spostrzeg\u0142, \u017ce zapomnia\u0142 zegarka, podszed\u0142 wi\u0119c do opalaj\u0105cej si\u0119 na uboczu m\u0142odej kobiety i ju\u017c mia\u0142 zapyta\u0107 o godzin\u0119, gdy ta u\u015bmiechn\u0119\u0142a si\u0119.<\/p>\n<p style=\"margin-bottom: 0cm\">&#8211; Zapomnia\u0142 pan zegarka, co?<\/p>\n<p style=\"margin-bottom: 0cm\">&#8211; A sk\u0105d pani wie? &#8211; zapyta\u0142 zaskoczony Wojty\u0142a.<\/p>\n<p style=\"margin-bottom: 0cm\">&#8211; Z do\u015bwiadczenia &#8211; odrzek\u0142a &#8211; Jest pan dzi\u015b ju\u017c dziesi\u0105tym m\u0119\u017cczyzn\u0105, kt\u00f3ry zapomnia\u0142 zegarka. Zaczyna si\u0119 od zegarka, potem proponuje si\u0119 winko, wieczorem dansing&#8230;<\/p>\n<p style=\"margin-bottom: 0cm\">&#8211; Ale\u017c prosz\u0119 pani, ja jestem ksi\u0119dzem &#8211; przerwa\u0142 jej zawstydzony Wojty\u0142a<\/p>\n<p style=\"margin-bottom: 0cm\">&#8211; Wie pan &#8211; odpowiedzia\u0142a rozbawiona nieznajoma &#8211; podrywano mnie w r\u00f3\u017cny spos\u00f3b, ale na ksi\u0119dza to pierwszy raz.<\/p>\n<p style=\"margin-bottom: 0cm\">&nbsp;<\/p>\n<p style=\"margin-bottom: 0cm\">Je\u017adzi\u0107 po kardynalsku<\/p>\n<p style=\"margin-bottom: 0cm\">Pewnego razu zapytano Karola Wojty\u0142\u0119, czy uchodzi, aby kardyna\u0142 je\u017adzi\u0142 na nartach. Wojty\u0142a u\u015bmiechn\u0105\u0142 si\u0119 i odpar\u0142:<\/p>\n<p style=\"margin-bottom: 0cm\">&#8211; Co nie uchodzi kardyna\u0142owi, to \u017ale je\u017adzi\u0107 na nartach!<\/p>\n<p style=\"margin-bottom: 0cm\">&nbsp;<\/p>\n<p style=\"margin-bottom: 0cm\">Przeprosiny<\/p>\n<p style=\"margin-bottom: 0cm\">Metropolita krakowski Karol Wojty\u0142a przyjecha\u0142 na pogrzeb sufragana cz\u0119stochowskiego, biskupa Stanis\u0142awa Czajki, niemal w ostatniej chwili. Witaj\u0105c si\u0119 ze zgromadzonymi na uroczysto\u015bci biskupami, jako\u015b pomin\u0105\u0142 biskupa z Siedlec. Rych\u0142o jednak si\u0119 spostrzeg\u0142, wr\u00f3ci\u0142, podszed\u0142 do pomini\u0119tego i powiedzia\u0142:<\/p>\n<p style=\"margin-bottom: 0cm\">&#8211; \u015awinia jestem, nie przywita\u0142em Ksi\u0119dza Biskupa!<\/p>\n<p style=\"margin-bottom: 0cm\">&nbsp;<\/p>\n<p style=\"margin-bottom: 0cm\">Po\u017cegnanie biskup\u00f3w<\/p>\n<p style=\"margin-bottom: 0cm\">Po jednym ze spotka\u0144 Papie\u017c po\u017cegna\u0142 polskich biskup\u00f3w s\u0142owami znanej pie\u015bni: &#8222;O cze\u015b\u0107 wam, panowie magnaci!&#8221;<\/p>\n<p style=\"margin-bottom: 0cm\">&nbsp;<\/p>\n<p style=\"margin-bottom: 0cm\">Wi\u0119cej ju\u017c nic nie powiem<\/p>\n<p style=\"margin-bottom: 0cm\">Przed ponad 25 laty Papie\u017c w ten spos\u00f3b zako\u0144czy\u0142 pierwsz\u0105 audiencj\u0119 dla Polak\u00f3w: &#8222;Wi\u0119cej ju\u017c nic nie m\u00f3wi\u0119, bo jeszcze bym co\u015b takiego powiedzia\u0142, \u017ce p\u00f3\u017aniej Kongregacja Nauki Wiary musia\u0142aby si\u0119 do mnie dobra\u0107&#8221;.<\/p>\n<p style=\"margin-bottom: 0cm\">&nbsp;<\/p>\n<p style=\"margin-bottom: 0cm\">Opaleni kardyna\u0142owie<\/p>\n<p style=\"margin-bottom: 0cm\">Pod koniec pierwszej pielgrzymki do Ojczyzny, w czerwcu 1979 roku, up\u0142ywaj\u0105cej pod znakiem upa\u0142\u00f3w, Papie\u017c oznajmi\u0142, \u017ce jej pierwszy efekt jest ju\u017c widoczny &#8211; opalili si\u0119 towarzysz\u0105cy mu kardyna\u0142owie.<\/p>\n<p style=\"margin-bottom: 0cm\">&nbsp;<\/p>\n<p style=\"margin-bottom: 0cm\">Jako\u015b cz\u0142api\u0119<\/p>\n<p style=\"margin-bottom: 0cm\">Podczas czwartej pielgrzymki do Ojczyzny, w Olsztynie, dziennikarzowi &#8222;Gazety Wyborczej&#8221; uda\u0142o si\u0119 wychyli\u0107 g\u0142ow\u0119 ponad t\u0142um i zapyta\u0107 Jana Paw\u0142a II o zdrowie.<\/p>\n<p style=\"margin-bottom: 0cm\">&#8211; A jako\u015b cz\u0142api\u0119 &#8211; odpowiedzia\u0142 Papie\u017c.<\/p>\n<p style=\"margin-bottom: 0cm\">&nbsp;<\/p>\n<p style=\"margin-bottom: 0cm\">Z\u0142o\u015b\u0107 pi\u0119kno\u015bci szkodzi<\/p>\n<p style=\"margin-bottom: 0cm\">Przed kilku laty &#8211; wspomina watyka\u0144ski korespondent Telewizji Publicznej, Jacek Moskwa &#8211; po modlitwie &#8222;Anio\u0142 Pa\u0144ski&#8221; Jan Pawe\u0142 II przemawia\u0142, niemal krzycz\u0105c. Zaraz potem, podczas audiencji w Pa\u0142acu Apostolskim, Moskwa prosi\u0142 Papie\u017ca, aby na siebie uwa\u017ca\u0142, bo jego chrypka zaniepokoi\u0142a dziennikarzy.<\/p>\n<p style=\"margin-bottom: 0cm\">&#8211; To ze z\u0142o\u015bci &#8211; usprawiedliwia\u0142 si\u0119 Papie\u017c.<\/p>\n<p style=\"margin-bottom: 0cm\">A odchodz\u0105c doda\u0142: &#8211; A z\u0142o\u015b\u0107 pi\u0119kno\u015bci szkodzi.<\/p>\n<p style=\"margin-bottom: 0cm\">&nbsp;<\/p>\n<p style=\"margin-bottom: 0cm\">Z Wami dziecinniej\u0119<\/p>\n<p style=\"margin-bottom: 0cm\">Podczas jednej ze swoich wizytacji rzymskich parafii Papie\u017c &#8211; jak to mia\u0142 w zwyczaju &#8211; wda\u0142 si\u0119 w rozmow\u0119 z dzie\u0107mi.<\/p>\n<p style=\"margin-bottom: 0cm\">&#8211; Wy jeste\u015bcie m\u0142odzi, a ja ju\u017c jestem stary &#8211; powiedzia\u0142.<\/p>\n<p style=\"margin-bottom: 0cm\">&#8211; Nie, nie jeste\u015b stary &#8211; gromko zaprotestowa\u0142y dzieci.<\/p>\n<p style=\"margin-bottom: 0cm\">&#8211; Tak, ale jak jestem z wami, to dziecinniej\u0119 &#8211; replikowa\u0142 Papie\u017c.<\/p>\n<p style=\"margin-bottom: 0cm\">&nbsp;<\/p>\n<p style=\"margin-bottom: 0cm\">M\u00f3w mi wujaszku<\/p>\n<p style=\"margin-bottom: 0cm\">Podczas pierwszej wizyty w USA Papie\u017c spotka\u0142 si\u0119 z rodzin\u0105 prezydenta Jimmy\u2019ego Cartera. Pi\u0119cioletnia w\u00f3wczas wnuczka prezydenta, maj\u0105c k\u0142opoty z wyg\u0142oszeniem powitania, powtarza\u0142a w k\u00f3\u0142ko:<\/p>\n<p style=\"margin-bottom: 0cm\">&#8211; Jego \u015awi\u0105tobliwo\u015b\u0107, Jego \u015awi\u0105tobliwo\u015b\u0107.<\/p>\n<p style=\"margin-bottom: 0cm\">Papie\u017c, chc\u0105c wybawi\u0107 dziewczynk\u0119 z k\u0142opot\u00f3w, wzi\u0105\u0142 j\u0105 w ramiona i powiedzia\u0142:<\/p>\n<p style=\"margin-bottom: 0cm\">&#8211; M\u00f3w mi wujaszku.<\/p>\n<p style=\"margin-bottom: 0cm\">&nbsp;<\/p>\n<p style=\"margin-bottom: 0cm\">Papieskie wagary<\/p>\n<p style=\"margin-bottom: 0cm\">Podczas powitania w Monachium Papie\u017c spyta\u0142 licznie obecne dzieci: &#8222;Dano wam dzi\u015b wolne w szkole?&#8221;. &#8222;Tak&#8221; &#8211; wrzasn\u0119\u0142a z rado\u015bci\u0105 dzieciarnia. &#8222;To znaczy &#8211; skomentowa\u0142 Jan Pawe\u0142 II &#8211; \u017ce papie\u017c powinien cz\u0119\u015bciej tu przyje\u017cd\u017ca\u0107&#8221;.<\/p>\n<p style=\"margin-bottom: 0cm\">&nbsp;<\/p>\n<p style=\"margin-bottom: 0cm\">Jak si\u0119 czuje piesek<\/p>\n<p style=\"margin-bottom: 0cm\">Jeden z watyka\u0144skich pra\u0142at\u00f3w chcia\u0142 si\u0119 nauczy\u0107 polskiego, wi\u0119c sprowadzi\u0142 sobie nasz elementarz. Nauka by\u0142a jednak tak pospieszna, \u017ce kiedy chcia\u0142 si\u0119 now\u0105 umiej\u0119tno\u015bci\u0105 pochwali\u0107 przed Ojcem \u015awi\u0119tym, co\u015b mu si\u0119 pomyli\u0142o i zamiast: &#8222;Jak si\u0119 czuje Papie\u017c&#8221;, rzek\u0142: &#8222;Jak si\u0119 czuje piesek?&#8221;. Papie\u017c spojrza\u0142 na niego zdumiony, po czym odpali\u0142: &#8222;Hau, hau&#8221;.<\/p>\n<p style=\"margin-bottom: 0cm\">&nbsp;<\/p>\n<p style=\"margin-bottom: 0cm\">Jan Pawe\u0142 &#8211; Paw\u0142owi<\/p>\n<p style=\"margin-bottom: 0cm\">Podczas pierwszej pielgrzymki do Niemiec zebranym na mszy tak spodoba\u0142y si\u0119 cytowane przez Papie\u017ca s\u0142owa \u015bw. Paw\u0142a, \u017ce przerwali mu i zacz\u0119li bi\u0107 brawo. Kiedy Ojciec \u015awi\u0119ty zn\u00f3w doszed\u0142 do g\u0142osu, przerywaj\u0105c przygotowan\u0105 mow\u0119, stwierdzi\u0142: &#8222;Dzi\u0119kuj\u0119 w imieniu \u015bwi\u0119tego Paw\u0142a&#8221;.<\/p>\n<p style=\"margin-bottom: 0cm\">&nbsp;<\/p>\n<p style=\"margin-bottom: 0cm\">To tylko wasza konstytucja<\/p>\n<p style=\"margin-bottom: 0cm\">W ostatnim dniu pielgrzymki do Polski w 1983 roku podczas po\u017cegnania na lotnisku genera\u0142 Jaruzelski poskar\u017cy\u0142 si\u0119 Papie\u017cowi, \u017ce ten w swych homiliach niezwykle surowo potraktowa\u0142 re\u017cim komunistyczny.<\/p>\n<p style=\"margin-bottom: 0cm\">&#8211; Ja jedynie przytacza\u0142em artyku\u0142y waszej w\u0142asnej konstytucji &#8211; odpar\u0142 \u0142agodnie Papie\u017c.<\/p>\n<p style=\"margin-bottom: 0cm\">&nbsp;<\/p>\n<p style=\"margin-bottom: 0cm\">Nie szumcie siostry nam<\/p>\n<p style=\"margin-bottom: 0cm\">W hiszpa\u0144skiej Avili, gdy szum czyniony przez rozradowane zakonnice stawa\u0142 si\u0119 ju\u017c wprost nie do zniesienia, Papie\u017c wypali\u0142: &#8222;Te siostry, kt\u00f3re \u015blubowa\u0142y milczenie, ha\u0142asuj\u0105 tu najg\u0142o\u015bniej&#8221;.<\/p>\n<p style=\"margin-bottom: 0cm\">&nbsp;<\/p>\n<p style=\"margin-bottom: 0cm\">Niech \u017cyje \u0142upie\u017c&#8230;<\/p>\n<p style=\"margin-bottom: 0cm\">Podczas ostatniej pielgrzymki w Pe\u0142pinie: &#8222;Jak tak krzyczycie \u2019Niech \u017cyje papie\u017c\u2019, przypomina mi si\u0119, gdy kto\u015b si\u0119 pomyli\u0142 i krzykn\u0105\u0142: \u2019Niech \u017cyje \u0142upie\u017c\u2019. Ja was do tego nie zach\u0119cam&#8221;.<\/p>\n<p style=\"margin-bottom: 0cm\">&nbsp;<\/p>\n<p style=\"margin-bottom: 0cm\">Ech, popapie\u017cy\u0107<\/p>\n<p style=\"margin-bottom: 0cm\">Ojciec \u015awi\u0119ty do odwiedzaj\u0105cego Go polskiego ksi\u0119dza:<\/p>\n<p style=\"margin-bottom: 0cm\">&#8211; Poczekaj chwil\u0119 na mnie, musz\u0119 troch\u0119 popapie\u017cy\u0107.<\/p>\n<p style=\"margin-bottom: 0cm\">Papie\u017c nie da sob\u0105 kr\u0119ci\u0107<\/p>\n<p style=\"margin-bottom: 0cm\">Podczas drugiej pielgrzymki do Ojczyzny w 1983 roku t\u0142umy krakowian gromadzi\u0142y si\u0119 przed domem arcybiskup\u00f3w, kt\u00f3ry by\u0142 rezydencj\u0105 Ojca \u015awi\u0119tego. Ludzie ani my\u015bleli rozsta\u0107 si\u0119 ze stoj\u0105cym w oknie papie\u017cem i bez ko\u0144ca przed\u0142u\u017cali dialog z nim. Wreszcie Ojciec \u015awi\u0119ty powiedzia\u0142: &#8222;Cztery lata temu kr\u0119cili\u015bcie mn\u0105, jak chcieli, a teraz ju\u017c jestem starym papie\u017cem i nie dam sob\u0105 kr\u0119ci\u0107&#8221;.<\/p>\n<p style=\"margin-bottom: 0cm\">Ten to ma dech<\/p>\n<p style=\"margin-bottom: 0cm\">W czasie tej samej pielgrzymki, 22 czerwca 1983 roku, na krakowskich b\u0142oniach odby\u0142a si\u0119 beatyfikacja dw\u00f3ch powsta\u0144c\u00f3w styczniowych &#8211; brata Alberta Chmielowskiego i ojca Rafa\u0142a Kalinowskiego. W trakcie ceremonii buchn\u0105\u0142 nagle z kadzielnicy wielki p\u0142omie\u0144, z kt\u00f3rym nie mogli sobie poradzi\u0107 ani ministranci, ani ksi\u0119\u017ca koncelebranci. Wreszcie \u00f3wczesny ceremoniarz papieski ks. John Magee, Irlandczyk, dmuchn\u0105\u0142 tak skutecznie, \u017ce p\u0142omie\u0144 zgas\u0142 i z kadzielnicy pocz\u0105\u0142 unosi\u0107 si\u0119 upragniony dymek. Wydarzenie nie usz\u0142o uwagi Ojca \u015awi\u0119tego, kt\u00f3ry, si\u0119gaj\u0105c po kadzid\u0142o, powiedzia\u0142 z uznaniem o swoim ceremoniarzu: &#8222;Ten to ma dech!&#8221;.<\/p>\n<p style=\"margin-bottom: 0cm\">&nbsp;<\/p>\n<p style=\"margin-bottom: 0cm\">Nie m\u0105drz si\u0119, lecz m\u00f3dl<\/p>\n<p style=\"margin-bottom: 0cm\">Ojciec Jan Andrzej K\u0142oczowski, dominikanin, zapyta\u0142 kiedy\u015b Papie\u017ca, czy dojdzie do skutku planowane w roku jubileuszowym 2000 spotkanie przedstawicieli trzech wielkich religii:<\/p>\n<p style=\"margin-bottom: 0cm\">&#8211; Czy na G\u00f3rze Synaj pojawi\u0105 si\u0119 chrze\u015bcijanie, muzu\u0142manie i \u017bydzi? &#8211; docieka\u0142 zakonnik<\/p>\n<p style=\"margin-bottom: 0cm\">&#8211; Ty si\u0119 nie wym\u0105drzaj, ty si\u0119 m\u00f3dl! &#8211; odpowiedzia\u0142 Ojciec \u015awi\u0119ty<\/p>\n<p style=\"margin-bottom: 0cm\">&nbsp;<\/p>\n<p style=\"margin-bottom: 0cm\">Czy protestanci wstan\u0105 wcze\u015bniej<\/p>\n<p style=\"margin-bottom: 0cm\">Podczas pierwszej pielgrzymki do Niemiec w 1980 roku jeden z dziennikarzy zagadn\u0105\u0142 Jana Paw\u0142a II, czy zgadza si\u0119 z opini\u0105, \u017ce za ma\u0142o czasu po\u015bwi\u0119ci\u0142 na rozmowy z protestantami.<\/p>\n<p style=\"margin-bottom: 0cm\">&#8222;W Moguncji mog\u0119 wsta\u0107 o dwie godziny wcze\u015bniej, a\u017ceby z nimi rozmawia\u0107, ale czy oni te\u017c wcze\u015bniej wstan\u0105?&#8221; &#8211; opowiedzia\u0142 Papie\u017c<\/p>\n<p style=\"margin-bottom: 0cm\">&nbsp;<\/p>\n<p style=\"margin-bottom: 0cm\">Niesforny Papie\u017c<\/p>\n<p style=\"margin-bottom: 0cm\">Jak wiadomo podczas wizyty w 1999 roku w Polsce Jan Pawe\u0142 II zachorowa\u0142 i z tego powodu odwo\u0142ano jego wizyt\u0119 w Gliwicach. Ojciec \u015awi\u0119ty nie dopu\u015bci\u0142 jednak do tego, aby to \u015bl\u0105skie miasto by\u0142o jedynym miejscem na trasie jego pielgrzymki, kt\u00f3rego nie odwiedzi\u0142. Niespodziewanie w ostatnim dniu wizyty, 17 czerwca, przyby\u0142 do Gliwic, a zebranemu p\u00f3\u0142 milionowi wiernych dzi\u0119kowa\u0142 za &#8222;\u015bwi\u0119t\u0105 cierpliwo\u015b\u0107 dla Papie\u017ca&#8221;. Pos\u0142uguj\u0105c si\u0119 gwar\u0105 \u015bl\u0105sk\u0105, Jan Pawe\u0142 II tak oto dialogowa\u0142 z t\u0142umem:<\/p>\n<p style=\"margin-bottom: 0cm\">&#8211; Wida\u0107, \u017ce \u015al\u0105zak cierpliwy i twardy, bo ja bym z takim Papie\u017cem nie wytrzyma\u0142. Ma przyjecha\u0107, nie przyje\u017cd\u017co, potem znowu ni ma przyjecha\u0107 &#8211; przyje\u017cdzo<\/p>\n<p style=\"margin-bottom: 0cm\">&#8211; Nic nie szkodzi &#8211; odparli wierni.<\/p>\n<p style=\"margin-bottom: 0cm\">&#8211; No, to dobrze. Jak nic nie szkodzi, to jako\u015b ze spokojnym sumieniem odjad\u0119 do Rzymu.<\/p>\n<p style=\"margin-bottom: 0cm\">&nbsp;<\/p>\n<p style=\"margin-bottom: 0cm\">Ja w tym wieku by\u0142em papie\u017cem<\/p>\n<p style=\"margin-bottom: 0cm\">W 1992 roku ojciec Leon Knabit zosta\u0142 zaproszony na kolacj\u0119 do Ojca \u015awi\u0119tego w pa\u0142acu watyka\u0144skim. W pewnym momencie Papie\u017c nieoczekiwanie zapyta\u0142: &#8222;To ile ojciec ma w\u0142a\u015bciwie lat?&#8221;.<\/p>\n<p style=\"margin-bottom: 0cm\">&#8211; &#8222;Sze\u015b\u0107dziesi\u0105t trzy&#8221; &#8211; odpar\u0142 benedyktyn.<\/p>\n<p style=\"margin-bottom: 0cm\">&#8211; O to w tym wieku ja ju\u017c by\u0142em papie\u017cem &#8211; odrzek\u0142 Jan Pawe\u0142 II.<\/p>\n<p style=\"margin-bottom: 0cm\">&#8211; Wiem o tym. Wiem i bardzo mi wstyd &#8211; powiedzia\u0142 ociec Leon i obaj wybuchn\u0119li \u015bmiechem.<\/p>\n<p style=\"margin-bottom: 0cm\">&nbsp;<\/p>\n<p style=\"margin-bottom: 0cm\">Kurcz\u0119 jest ta\u0144sze<\/p>\n<p style=\"margin-bottom: 0cm\">Ksi\u0105dz Mieczys\u0142aw Mali\u0144ski, przyjaciel Ojca \u015awi\u0119tego, podczas jednej ze swoich wizyt w domu papieskim nie posiada\u0142 si\u0119 ze zdumienia, kiedy siostra us\u0142uguj\u0105ca do sto\u0142u papie\u017cowi przynios\u0142a gospodarzowi na kolacj\u0119 ryb\u0119, a jemu poda\u0142a na talerzu kurczaka. Ksi\u0105dz Mieczys\u0142aw zapyta\u0142: &#8222;Dlaczego?&#8221;<\/p>\n<p style=\"margin-bottom: 0cm\">&#8211; Dosta\u0142e\u015b kurcz\u0119, bo kurcz\u0119 jest ta\u0144sze &#8211; oznajmi\u0142 z u\u015bmiechem Ojciec \u015awi\u0119ty.<\/p>\n<p style=\"margin-bottom: 0cm\">&nbsp;<\/p>\n<p style=\"margin-bottom: 0cm\">Kluger za Papie\u017ca?<\/p>\n<p style=\"margin-bottom: 0cm\">W 1997 roku, podczas wizyty w Zakopanem, Jan Pawe\u0142 II spotka\u0142 siew &#8222;Ksi\u0119\u017c\u00f3wce&#8221; ze swoimi kolegami gimnazjalnymi Teofliem Bojesiem i Stanis\u0142awem Jur\u0105.<\/p>\n<p style=\"margin-bottom: 0cm\">&#8211; Jak d\u0142ugo zamierza Wasza \u015awi\u0105tobliwo\u015b\u0107 zosta\u0107 z nami w Polsce tym razem? &#8211; zapyta\u0142 Jura &#8211; mam nadziej\u0119, \u017ce przynajmniej miesi\u0105c?<\/p>\n<p style=\"margin-bottom: 0cm\">&#8211; Och, nie &#8211; odpowiedzia\u0142 Jan Pawe\u0142 II &#8211; Musz\u0119 wraca\u0107 do Rzymu pojutrze. Wiecie, \u017ce jestem papie\u017cem. Mam du\u017co pracy w Watykanie.<\/p>\n<p style=\"margin-bottom: 0cm\">&#8211; Dlaczego uciekasz tak szybko &#8211; spyta\u0142 Jura &#8211; Czy\u017c nie zostawi\u0142e\u015b tam Jurka Klugera w zast\u0119pstwie?<\/p>\n<p style=\"margin-bottom: 0cm\">&nbsp;<\/p>\n<p style=\"margin-bottom: 0cm\">Znowu te ptopty<\/p>\n<p style=\"margin-bottom: 0cm\">W jednym z polskich miast, gdzie przygotowano na obiad kurczaka, Jan Pawe\u0142 II mia\u0142 powiedzie\u0107 z dezaprobat\u0105: &#8222;Znowu te ptopty&#8221;.<\/p>\n<p style=\"margin-bottom: 0cm\">&nbsp;<\/p>\n<p style=\"margin-bottom: 0cm\">By\u0142 te\u017c nauczycielem<\/p>\n<p style=\"margin-bottom: 0cm\">By\u0142a sesja zimowa. Czekali\u015bmy na ks. prof. K. Wojty\u0142\u0119, kt\u00f3ry mia\u0142 egzaminowa\u0107 z etyki. Po dw\u00f3ch godzinach wszyscy rozeszli si\u0119 do dom\u00f3w, poza jednym koleg\u0105 ksi\u0119dzem, kt\u00f3ry przez ca\u0142y semestr nie by\u0142 na ani jednym wyk\u0142adzie ks. prof. Wojty\u0142y, gdy\u017c w tym czasie wyje\u017cd\u017ca\u0142 na wystawy malarstwa do Warszawy. Ksi\u0105dz Profesor prosto z op\u00f3\u017anionego poci\u0105gu przyszed\u0142 pod sal\u0119 egzaminacyjn\u0105. Wygl\u0105da\u0142 bardzo m\u0142odo, nie wyr\u00f3\u017cnia\u0142 si\u0119 wizualnie w\u015br\u00f3d ksi\u0119\u017cy student\u00f3w, kt\u00f3rzy byli par\u0119 lat m\u0142odsi od niego. Ksi\u0105dz student pyta K. Wojty\u0142\u0119, kt\u00f3rego wcze\u015bniej nie widzia\u0142 na oczy: \u2013 Stary, ty te\u017c na egzamin? \u2013 Tak \u2013 odpowiedzia\u0142 zgodnie z prawd\u0105 Ksi\u0105dz Profesor, nie dodaj\u0105c wa\u017cnego szczeg\u00f3\u0142u, \u017ce w charakterze egzaminatora. Ksi\u0105dz student zacz\u0105\u0142 ubolewa\u0107 nad sp\u00f3\u017anieniem egzaminatora, a ten\u017ce w mig zorientowa\u0142 si\u0119, \u017ce czekaj\u0105cy nie ucz\u0119szcza\u0142 na wyk\u0142ady. Usiad\u0142 obok niego i zacz\u0119li godzinn\u0105 rozmow\u0119 zwi\u0105zan\u0105 z zagadnieniami etyki, kt\u00f3re by\u0142y przedmiotem wyk\u0142ad\u00f3w. Ksi\u0105dz student z podziwem popatrzy\u0142 na ks. Wojty\u0142\u0119 i stwierdzi\u0142:<\/p>\n<p style=\"margin-bottom: 0cm\">\u2013 Stary, jak ty jeste\u015b obkuty! Prosz\u0119 ci\u0119, je\u015bli przyjdzie Ksi\u0105dz Profesor, to nie wchod\u017a przede mn\u0105 na egzamin, bo z pewno\u015bci\u0105 oblej\u0119!<\/p>\n<p style=\"margin-bottom: 0cm\">\u2013 Dobrze \u2013 zgodzi\u0142 si\u0119 pokornie ks. Wojty\u0142a \u2013 ale powiedz mi szczerze, dlaczego nie by\u0142e\u015b na ani jednym wyk\u0142adzie?<\/p>\n<p style=\"margin-bottom: 0cm\">\u2013 Bo wiesz, panuje powszechna opinia, \u017ce jego wyk\u0142ady s\u0105 bardzo trudne i wr\u0119cz abstrakcyjne, ale gdyby mia\u0142 taki dar przekazywania wiedzy jak ty, to s\u0142ucha\u0142bym go z najwi\u0119ksz\u0105 przyjemno\u015bci\u0105.<\/p>\n<p style=\"margin-bottom: 0cm\">\u2013 Dobrze, to daj indeks \u2013 powiedzia\u0142 Ksi\u0105dz Profesor.<\/p>\n<p style=\"margin-bottom: 0cm\">\u2013 Co ty, \u017carty sobie stroisz? \u2013 zapyta\u0142 ksi\u0105dz student, na co us\u0142ysza\u0142:<\/p>\n<p style=\"margin-bottom: 0cm\">\u2013 Daj indeks, jestem Wojty\u0142a \u2013 i Ksi\u0105dz Profesor wpisa\u0142 oniemia\u0142emu z przera\u017cenia koledze 4+, z uwag\u0105, by jednak w przysz\u0142ym semestrze zacz\u0105\u0142 ucz\u0119szcza\u0107 na wyk\u0142ady, by samemu wyrobi\u0107 sobie s\u0105d o wyk\u0142adowcy. Tym pozornie ma\u0142ym wydarzeniem, o kt\u00f3rym dowiedzieli\u015bmy si\u0119 natychmiast, zyska\u0142 tak\u0105 sympati\u0119, \u017ce bariera iluzorycznego strachu zosta\u0142a pokonana na zawsze&#8230;<\/p>\n<p style=\"margin-bottom: 0cm\">&nbsp;<\/p>\n<p style=\"margin-bottom: 0cm\">Komu lektyk\u0119<\/p>\n<p style=\"margin-bottom: 0cm\">Papie\u017c g\u0142o\u015bno rozmy\u015bla przy licznych wsp\u00f3\u0142pracownikach:<\/p>\n<p style=\"margin-bottom: 0cm\">&#8211; Co ja zrobi\u0119 z tymi sedia gestatoria (lektykami papieskimi)? Kurz\u0105 si\u0119, miejsce zajmuj\u0105. Pawe\u0142 VI sprzeda\u0142 tiar\u0119 i pieni\u0105dze rozda\u0142 ubogim, ale komu ja to sprzedam? Wiem&#8230; (i tu pada nazwisko jednego z polskich biskup\u00f3w).<\/p>\n<p style=\"margin-bottom: 0cm\">&nbsp;<\/p>\n<p style=\"margin-bottom: 0cm\">Siostrzyczka Tomciu Paluszka<\/p>\n<p style=\"margin-bottom: 0cm\">W czasie jednej z ceremonii na Placu \u015bwi\u0119tego Piotra Papie\u017c, przechodz\u0105c wzd\u0142u\u017c barier, zauwa\u017ca ma\u0142\u0105 dziewczynk\u0119, zagubion\u0105 w t\u0142umie, ludzie podaj\u0105 mu j\u0105 ponad barier\u0105, a on bierze j\u0105 za r\u0119k\u0119 i w\u0119druj\u0105 we dwoje po wy\u0142o\u017conej czerwonym suknem drodze do tronu. I tu nagle wkraczamy w bajk\u0119: kolumnada Barniniego staje si\u0119 lasem o pniach bez ga\u0142\u0119zi. Ojciec \u015awi\u0119ty w obszernych szatach, z mitr\u0105 b\u0142yszcz\u0105c\u0105 w s\u0142o\u0144cu, staje si\u0119 jaki\u015b kr\u00f3lem z legendy, a dziewczynka &#8211; siostrzyczk\u0105 Tomcia Paluszka. Doszed\u0142szy do tronu, legendarny kr\u00f3l podnosi dziecko w g\u00f3r\u0119 tak, \u017ceby zewsz\u0105d mo\u017cna je by\u0142o zobaczy\u0107 i przybiegaj\u0105cy z g\u0142\u0119bi placu rodzice odbieraj\u0105 je z papieskich r\u0105k.<\/p>\n<p style=\"margin-bottom: 0cm\">&nbsp;<\/p>\n<p style=\"margin-bottom: 0cm\">Tylko nie m\u00f3wicie Papie\u017cowi!<\/p>\n<p style=\"margin-bottom: 0cm\">Kiedy Papie\u017c przebaczy\u0142 swojemu zamachowcy &#8211; Alemu Agcy &#8211; do Andre Frossarda zg\u0142osi\u0142 si\u0119 pewien Polak, twierdz\u0105c, \u017ce wie na pewno, &#8222;jacy ludzie w\u0142o\u017cyli bro\u0144 w r\u0119k\u0119 Turka&#8221;. Frossard rzuci\u0142 z po\u015bpiechem: &#8222;Niech Pan tylko tego nie m\u00f3wi Ojcu \u015awi\u0119temu! Jeszcze ka\u017ce nam si\u0119 za nich modli\u0107!&#8221;.<\/p>\n<p style=\"margin-bottom: 0cm\">&nbsp;<\/p>\n<p style=\"margin-bottom: 0cm\">Biskup i g\u00f3ral<\/p>\n<p style=\"margin-bottom: 0cm\">W czasie jednej z w\u0119dr\u00f3wek po g\u00f3rach biskup Karol Wojty\u0142a spotka\u0142 g\u00f3rala, kt\u00f3ry &#8211; widz\u0105c w\u0119drowca utrudzonego i zakurzonego &#8211; zapyta\u0142 go, kim jest.<\/p>\n<p style=\"margin-bottom: 0cm\">&#8211; Biskupem! &#8211; odpowiedzia\u0142 zziajany Karol<\/p>\n<p style=\"margin-bottom: 0cm\">&#8211; Jak wy\u015bcie som biskupem, to jo jestem papie\u017cem! &#8211; wzruszy\u0142 ramionami g\u00f3ral.<\/p>\n<p style=\"margin-bottom: 0cm\">&nbsp;<\/p>\n<p style=\"margin-bottom: 0cm\">Najprzystojniejszy kardyna\u0142<\/p>\n<p style=\"margin-bottom: 0cm\">Kiedy\u015b, podczas wizytacji jednej z podhala\u0144skich parafii przej\u0119ta z wra\u017cenia ga\u017adzina pomyli\u0142a przygotowany tekst powitania kardyna\u0142a Karola Wojty\u0142y i zamiast zatytu\u0142owa\u0107 go &#8222;najdostojniejszym&#8221;, powiedzia\u0142a &#8222;Witojcie nom najpsystojniejsy ksi\u0119ze kardynale&#8221;. On za\u015b spojrza\u0142 na ni\u0105 z filuternym b\u0142yskiem w oku i odpar\u0142: &#8222;No, co\u015b w tym jest&#8221;.<\/p>\n<p style=\"margin-bottom: 0cm\">&nbsp;<\/p>\n<p style=\"margin-bottom: 0cm\">A co, nie wolno mi?<\/p>\n<p style=\"margin-bottom: 0cm\">Kiedy po Krakowie rozesz\u0142a si\u0119 wie\u015b\u0107, \u017ce 29 maja 1967 roku arcybiskup Karol Wojty\u0142a zosta\u0142 kardyna\u0142em, ojciec Leon Knabit, benedyktyn z Ty\u0144ca, znany obecnie z prowadzenia program\u00f3w telewizyjnych, pogratulowa\u0142 nominowanemu w typowy dla ksi\u0119\u017cy spos\u00f3b: ukl\u0105k\u0142 na jedno kolano i poca\u0142owa\u0142 go w r\u0119k\u0119. Ku zaskoczeniu ojca Leona \u015bwie\u017co upieczony kardyna\u0142 zrobi\u0142 dok\u0142adnie to samo.<\/p>\n<p style=\"margin-bottom: 0cm\">&#8222;Prosz\u0119 Ksi\u0119dza Kardyna\u0142a!&#8221; &#8211; zawo\u0142a\u0142 zmieszany i za\u017cenowany benedyktyn.<\/p>\n<p style=\"margin-bottom: 0cm\">&#8222;A co, nie wolno mi?&#8221; &#8211; odpar\u0142 z figlarnym u\u015bmiechem przysz\u0142y papie\u017c.<\/p>\n<p style=\"margin-bottom: 0cm\">&nbsp;<\/p>\n<p style=\"margin-bottom: 0cm\">Wierszyki na r\u00f3\u017cne okazje<\/p>\n<p style=\"margin-bottom: 0cm\">Podczas wypraw turystycznych ze studentami ks. Karol Wojty\u0142a, zwany &#8222;Wujkiem&#8221;, cz\u0119sto uk\u0142ada\u0142 wierszyki i piosenki do r\u00f3\u017cnych sytuacji. W 1957 roku w Bieszczadach recytowa\u0142 taki oto dwuwiersz:<\/p>\n<p style=\"margin-bottom: 0cm\">&#8222;Rano mnie chwal\u0105, wieczorem mnie gani\u0105<\/p>\n<p style=\"margin-bottom: 0cm\">i jak tu mo\u017cna wierzy\u0107 tym&#8230; paniom&#8221;.<\/p>\n<p style=\"margin-bottom: 0cm\">W 1952 roku swojej podopiecznej, \u015bwie\u017co upieczonej nauczycielce, podarowa\u0142 notes z dedykacj\u0105:<\/p>\n<p style=\"margin-bottom: 0cm\">&#8222;W tym notesie nie pisz dw\u00f3jek,<\/p>\n<p style=\"margin-bottom: 0cm\">o to prosi Ci\u0119 dzi\u015b Wujek!&#8221;.<\/p>\n<p style=\"margin-bottom: 0cm\">W 1955 roku, podczas sp\u0142ywu kajakowego na Drawie, ca\u0142a grupa, potwornie zm\u0119czona, dotar\u0142a na biwak o zmroku. Jedynie &#8222;Wujek&#8221; nie traci\u0142 rezonu i ca\u0142\u0105 sytuacj\u0119 spuentowa\u0142 rymowank\u0105:<\/p>\n<p style=\"margin-bottom: 0cm\">&#8222;Za te ca\u0142odzienne harce,<\/p>\n<p style=\"margin-bottom: 0cm\">Zm\u00f3wi\u0119 brewiarz przy latarce&#8221;.<\/p>\n<p style=\"margin-bottom: 0cm\">Wierszyki do r\u00f3\u017cnych sytuacji uk\u0142ada\u0142 r\u00f3wnie\u017c b\u0119d\u0105c biskupem i kardyna\u0142em. Kiedy wyje\u017cd\u017caj\u0105c na narty do Zakopanego zatrzyma\u0142 si\u0119 w klasztorze urszulanek na Jaszczur\u00f3wce, &#8222;dokucza\u0142&#8221; jednej z si\u00f3str, o imieniu Alfonsa, u\u0142o\u017conym przez siebie wierszykiem: &#8222;Siostra Alfonsa na mnie si\u0119 d\u0105sa&#8221;.<\/p>\n<p style=\"margin-bottom: 0cm\">&nbsp;<\/p>\n<p style=\"margin-bottom: 0cm\">Nie ma chrztu bez wody<\/p>\n<p style=\"margin-bottom: 0cm\">15 maja 1977 roku, po wielu trudno\u015bciach i po d\u0142ugoletnich oczekiwaniach na pozwolenie budowy ko\u015bcio\u0142a, odby\u0142 si\u0119 wreszcie d\u0142ugo oczekiwana konsekracja \u015bwi\u0105tyni w Nowej Hucie-Bie\u0144czycach. Na uroczysto\u015bciach w mie\u015bcie, gdzie wed\u0142ug za\u0142o\u017ce\u0144 w\u0142adz komunistycznych nie mia\u0142o by\u0107 miejsca dla Boga, przyby\u0142o kilkadziesi\u0105t tysi\u0119cy os\u00f3b. Stali oni cierpliwie kilka godzin mino nieustannie padaj\u0105cego ulewnego deszczu. Kardyna\u0142 Karol Wojty\u0142a dodawa\u0142 im ducha s\u0142owami: &#8222;Konsekracja to jakby chrzest, a gdzie jest chrzest, tam musi by\u0107 i woda&#8221;.<\/p>\n<p style=\"margin-bottom: 0cm\">&nbsp;<\/p>\n<p style=\"margin-bottom: 0cm\">Czy jest tu biskup?<\/p>\n<p style=\"margin-bottom: 0cm\">W 1960 roku, wracaj\u0105c po Bieszczadach, grupa &#8222;Wujka&#8221; wsiad\u0142a do poci\u0105gu do Krakowa w Sanoku. Nagle do przedzia\u0142u wtargn\u0105\u0142 konduktor i zakrzykn\u0105\u0142: &#8222;Czy jest tu Biskup?&#8221;. Wszyscy zaniem\u00f3wili, nie widz\u0105c o co chodzi. Widz\u0105c zdziwione miny, konduktor wyja\u015bni\u0142: &#8222;Ucze\u0144 Biskup z Rybnika&#8221;. Pierwszy ockn\u0105\u0142 si\u0119 ks. Wojty\u0142a, kt\u00f3ry by\u0142 ju\u017c w\u00f3wczas biskupem i odpowiedzia\u0142: &#8222;Nie, nie ma go tutaj&#8221;. Okaza\u0142o si\u0119, \u017ce konduktor znalaz\u0142 legitymacj\u0119 niefortunnego Biskupa i szuka\u0142 go, by mu j\u0105 odda\u0107.<\/p>\n<p style=\"margin-bottom: 0cm\">&nbsp;<\/p>\n<p style=\"margin-bottom: 0cm\">Papie\u017c to nie mistrz olimpijski<\/p>\n<p style=\"margin-bottom: 0cm\">Pracownicy Watykanu nie mogli pogodzi\u0107 si\u0119 z tym, \u017ce nowy papie\u017c nie chce korzysta\u0107 z lektyki papieskiej, zwanej sedia gestatoria.<\/p>\n<p style=\"margin-bottom: 0cm\">&#8222;Bez sedia gestatoria Ojciec \u015awi\u0119ty nie b\u0119dzie widziany, mo\u017ce wi\u0119c jaki\u015b podest?&#8221; &#8211; nie dawali za wygran\u0105 &#8222;watyka\u0144czycy&#8221;.<\/p>\n<p style=\"margin-bottom: 0cm\">&#8222;Na podest nie wejd\u0119, nie jestem mistrzem olimpijskim!&#8221; &#8211; oznajmi\u0142 stanowczo Jan Pawe\u0142 II.<\/p>\n<p style=\"margin-bottom: 0cm\">&nbsp;<\/p>\n<p style=\"margin-bottom: 0cm\">G\u00f3rale obroni\u0105<\/p>\n<p style=\"margin-bottom: 0cm\">Nazajutrz po uroczysto\u015bci inauguracji pontyfikatu, 23 pa\u017adziernika 1978 roku, papie\u017c spotka\u0142 si\u0119 w Auli Paw\u0142a VI ze swoimi rodakami licznie przyby\u0142ymi do Rzymu. Dostrzeg\u0142szy g\u00f3rali w pi\u0119knych, tradycyjnych strojach, podszed\u0142 do nich i powiedzia\u0142: &#8211; &#8222;No, jacy\u017c to z was s\u0105 g\u00f3rale, co ciupagi macie, a swojego metropolit\u0119 to\u015bcie wypu\u015bcili z Krakowa?&#8221;. Na to Staszek Trzebunia odpowiedzia\u0142: &#8222;Przecie\u017c jakby si\u0119 tu wom jaka krzywda dzia\u0142a, to my przyjdziemy i was bydziemy broni\u0107!&#8221;.<\/p>\n<p style=\"margin-bottom: 0cm\">&#8222;I \u015bmiech niekiedy mo\u017ce by\u0107 nauk\u0105, kiedy si\u0119 z przywar nie z ludzi natrz\u0105sa&#8221;.<\/p>\n<p style=\"margin-bottom: 0cm\">Biskup Ignacy Krasicki<\/p>\n<p style=\"margin-bottom: 0cm\">PS. Po znikni\u0119ciu parodii Gustawa Holoubka \u017cycz\u0119 d\u0142ugiego \u017cycia Stanis\u0142awowi Soyce i Grzegorzowi Turnauowi. Nie chc\u0119, by tak dobre i inteligentne rzeczy jak ich parodie w wykonaniu Macieja Stuhra<\/p>\n","protected":false},"excerpt":{"rendered":"<p>Niedawno pisa\u0142am o tym jak koledzy z redakcji \u017cartem oskar\u017cyli mnie o u\u015bmiercienie Gustawa Holoubka, bo dwa dni przed jego zgonem pokazywa\u0142am parodi\u0119 Holoubka w wykonaniu Macieja Stuhra. M\u00f3wi sie, \u017ce parodia najwy\u017csz\u0105 form\u0105 uznania, a jednak&#8230; Kiedy wczoraj ponownie chcia\u0142am pokaza\u0107 komu\u015b filmik z&#8230;<\/p>\n<div class=\"easywp-readmore\"><a class=\"read-more-link\" href=\"http:\/\/blog.piekarska.com.pl\/?p=138457\">Czytaj dalej&#8230;<span class=\"easywp-sr-only\">  Br\u0105zownicy<\/span><\/a><\/div>\n","protected":false},"author":1,"featured_media":0,"comment_status":"closed","ping_status":"open","sticky":false,"template":"","format":"standard","meta":{"_crdt_document":"","footnotes":""},"categories":[5],"tags":[77],"class_list":["post-138457","post","type-post","status-publish","format-standard","hentry","category-kultura","tag-anegdoty","wpcat-5-id"],"_links":{"self":[{"href":"http:\/\/blog.piekarska.com.pl\/index.php?rest_route=\/wp\/v2\/posts\/138457","targetHints":{"allow":["GET"]}}],"collection":[{"href":"http:\/\/blog.piekarska.com.pl\/index.php?rest_route=\/wp\/v2\/posts"}],"about":[{"href":"http:\/\/blog.piekarska.com.pl\/index.php?rest_route=\/wp\/v2\/types\/post"}],"author":[{"embeddable":true,"href":"http:\/\/blog.piekarska.com.pl\/index.php?rest_route=\/wp\/v2\/users\/1"}],"replies":[{"embeddable":true,"href":"http:\/\/blog.piekarska.com.pl\/index.php?rest_route=%2Fwp%2Fv2%2Fcomments&post=138457"}],"version-history":[{"count":0,"href":"http:\/\/blog.piekarska.com.pl\/index.php?rest_route=\/wp\/v2\/posts\/138457\/revisions"}],"wp:attachment":[{"href":"http:\/\/blog.piekarska.com.pl\/index.php?rest_route=%2Fwp%2Fv2%2Fmedia&parent=138457"}],"wp:term":[{"taxonomy":"category","embeddable":true,"href":"http:\/\/blog.piekarska.com.pl\/index.php?rest_route=%2Fwp%2Fv2%2Fcategories&post=138457"},{"taxonomy":"post_tag","embeddable":true,"href":"http:\/\/blog.piekarska.com.pl\/index.php?rest_route=%2Fwp%2Fv2%2Ftags&post=138457"}],"curies":[{"name":"wp","href":"https:\/\/api.w.org\/{rel}","templated":true}]}}