{"id":137547,"date":"2017-02-20T11:07:13","date_gmt":"2017-02-20T10:07:13","guid":{"rendered":"http:\/\/piekarska.blog.pl\/?p=137547"},"modified":"2018-03-22T15:24:55","modified_gmt":"2018-03-22T15:24:55","slug":"i-nie-potrzebowali-500-czyli-co-wiem-dzieki-genealogii","status":"publish","type":"post","link":"http:\/\/blog.piekarska.com.pl\/?p=137547","title":{"rendered":"I nie potrzebowali 500+, czyli co wiem dzi\u0119ki genealogii"},"content":{"rendered":"<p>Od dzieci\u0144stwa zajmuj\u0119 si\u0119 histori\u0105 swojej rodziny. Ju\u017c jako kilkulatka z tat\u0105 rysowa\u0142am drzewo genealogiczne. Potem grzebali\u015bmy w skorowidzach miasta Warszawy, sprawdzaj\u0105c gdzie \u017cyli przodkowie i por\u00f3wnuj\u0105c to z zachowanymi w domu dokumentami. W 2013 roku za\u0142o\u017cy\u0142am portal genealogiczny. Opisa\u0142am na nim m.in. <strong><a href=\"http:\/\/piekarscy.com.pl\/?page_id=2\" target=\"_blank\" rel=\"noopener\">histori\u0119 i przyczyny jego powstania<\/a><\/strong>. I tak od listopada 2013 roku codziennie na tym\u017ce portalu co\u015b zamieszczam. Przewa\u017cnie s\u0105 to dokumenty, fotografie czy listy z moich zbior\u00f3w. Ostatnio metryki, kt\u00f3rych skany udost\u0119pniaj\u0105 na swoich stronach Archiwa Pa\u0144stwowe. Metryki potwierdzaj\u0105 wiedz\u0119 zdobyt\u0105 przed laty przez Ojca, dziadka i pradziadka, a tak\u017ce to co mam w rodzinnych dokumentach w domu. Mi\u0119dzy innymi wiedz\u0119 o tym, \u017ce moi przodkowie Piekarscy byli kowalami, a Stalscy, Dobosiewiczowie i Rakowscy rze\u017anikami. Wszyscy mieli sporo dzieci. Ich \u017cony nie pracowa\u0142y. I tak si\u0119 zastanawiam od wielu, wielu, naprawd\u0119 wielu miesi\u0119cy, a mo\u017ce i nawet lat: Jak to jest, \u017ce m\u00f3j prapradziadek Micha\u0142 Franciszek Piekarski (1841-1938) warszawski kowal, kt\u00f3ry z dw\u00f3ch ma\u0142\u017ce\u0144stw (pierwszego z moj\u0105 praprababci\u0105 Juli\u0105 ze Stalskich, a drugiego z jej rodzon\u0105 siostr\u0105 Zofi\u0105 ze Stalskich) mia\u0142 14-cioro dzieci \u017cy\u0142 na takim poziomie o jakim wi\u0119kszo\u015b\u0107 z nas dzi\u015b mo\u017ce tylko pomarzy\u0107?<\/p>\n<figure style=\"width: 3964px\" class=\"wp-caption aligncenter\"><img loading=\"lazy\" decoding=\"async\" src=\"http:\/\/piekarscy.com.pl\/wp-content\/uploads\/2015\/02\/michal-piekarski.jpg\" alt=\"\" width=\"3964\" height=\"6562\" \/><figcaption class=\"wp-caption-text\">M\u00f3j prapradziadek Micha\u0142 Franciszek Piekarski (1841-1938) &#8211; warszawski kowal<\/figcaption><\/figure>\n<p>Z czterna\u015bciorga jego dzieci, okresu dzieci\u0119cego nie prze\u017cy\u0142a tylko tr\u00f3jka. Dw\u00f3jka zmar\u0142a podczas porodu, a jeden Pawe\u0142ek zmar\u0142 maj\u0105c 10 lat. Pozosta\u0142\u0105 jedenastk\u0119 dzieci prapradziadek Micha\u0142 Franciszek by\u0142 w stanie nie tylko utrzyma\u0107, ale i wykszta\u0142ci\u0107. C\u00f3rki wyda\u0142 dobrze za m\u0105\u017c daj\u0105c im posagi. Za m\u0105\u017c wyda\u0142 nawet siostr\u0119 Krystyn\u0119, kt\u00f3ra posz\u0142a za majstra szewskiego Drozdowicza. Synom W\u0142adys\u0142awowi i Henrykowi kupi\u0142 sklep z dewocjonaliami. Jest on zreszt\u0105 do dzi\u015b przy Krakowskim Przedmie\u015bciu niedaleko Resursy i Dziekanki, a ja mam z niego kilka pami\u0105tek w postaci kilku ryngraf\u00f3w, czy chocia\u017cby mojego medalika od chrztu. Dzi\u0119ki temu sklepowi jeden z jego syn\u00f3w W\u0142adys\u0142aw dorobi\u0142 si\u0119 potem kamienicy na Targowej, w miejscu kt\u00f3rej stoi dzi\u015b nowy dom, ale ja u siebie mam na pami\u0105tk\u0119 tablic\u0119 z tamtego nieistniej\u0105cego domu z nazwiskiem przyrodniego brata pradziadka \u2013 W\u0142adys\u0142awa Piekarskiego, jako w\u0142a\u015bciciela. Najstarszy z syn\u00f3w \u2013 m\u00f3j pradziadek Ludwik Roch Piekarski (1869-1945) uko\u0144czy\u0142 Uniwersytet Warszawski i zosta\u0142 in\u017cynierem specjalist\u0105 od budowy wodoci\u0105g\u00f3w i kanalizacji. O\u017ceni\u0142 si\u0119 ze szlachciank\u0105 \u2013 c\u00f3rk\u0105 doktora Bronis\u0142awa Ruszczykowskiego h. Brochwicz (i Stanis\u0142awy Anny Sabiny z Gorczyckich h. Jastrz\u0119biec) \u2013 Zofi\u0105 Konstancj\u0105 Ruszczykowsk\u0105 (1879-1962), osob\u0105 dobrze wykszta\u0142con\u0105, znaj\u0105ca kilka j\u0119zyk\u00f3w, stenotypi\u0119 i pisanie na maszynie. Ponad sto lat temu (rok 1880) warszawskiego kowala sta\u0107 by\u0142o tak\u017ce na to, by wybudowa\u0107 kamienic\u0119, kt\u00f3ra sta\u0142a w miejscu dzisiejszych Z\u0142otych Taras\u00f3w. \u017badna z jego \u017con nie musia\u0142a pracowa\u0107. Obie by\u0142y zreszt\u0105 wykszta\u0142cone na pensjach, cho\u0107 by\u0142y c\u00f3rkami rze\u017anika. Moja praprababcia Julia otrzyma\u0142a w szkole jako nagrod\u0119 ksi\u0105\u017ck\u0119 z czytankami z pisma \u015bwi\u0119tego.<\/p>\n<p><img loading=\"lazy\" decoding=\"async\" class=\"aligncenter\" src=\"http:\/\/piekarscy.com.pl\/wp-content\/uploads\/2013\/12\/nagroda-dla-julii.jpg\" alt=\"\" width=\"675\" height=\"1024\" \/><\/p>\n<p>Kowala i jego \u017con\u0119 sta\u0107 by\u0142o na s\u0142u\u017cb\u0119! Tak! Przesz\u0142o sto lat temu nawet warszawski kowal mia\u0142 s\u0142u\u017c\u0105c\u0105!<\/p>\n<p><img loading=\"lazy\" decoding=\"async\" class=\"aligncenter\" src=\"http:\/\/piekarscy.com.pl\/wp-content\/uploads\/2014\/07\/plan-domu-na-chmielnej.jpg\" alt=\"\" width=\"2813\" height=\"3785\" \/><\/p>\n<p>Czemu sta\u0107 ich by\u0142o na to wszystko? Czemu pradziadowie mieli nawet na pi\u0119kne nagrobki na starych Pow\u0105zkach w zabytkowej cz\u0119\u015bci? Takie nagrobki z pi\u0119knymi p\u0142askorze\u017abami i rze\u017abami? Po prostu nie p\u0142acili a\u017c takich podatk\u00f3w! Tymczasem dzisiaj rzadko kt\u00f3ra rodzina jest w stanie utrzyma\u0107 si\u0119 z jednej pensji. Rz\u0105d wprowadzi\u0142 program 500+, by pom\u00f3c rodzinom wielodzietnym. Czy nie lepiej by\u0142oby po prostu podnie\u015b\u0107 minimalne p\u0142ace, zwi\u0119kszy\u0107 kwot\u0119 woln\u0105 od podatku i zmusi\u0107 pracodawc\u00f3w do przestrzegania prawa, a w szczeg\u00f3lno\u015bci termin\u00f3w wyp\u0142at tak\u017ce za umowy o dzie\u0142o? Dla mnie dawanie pieni\u0119dzy za to, \u017ce si\u0119 ma dzieci jest niemoralne. Moralne by\u0142oby pozwalanie ludziom na nie po prostu zarobi\u0107.<\/p>\n<p>Nie jestem zwolennikiem tego, by kobiety siedzia\u0142y w domach, chyba \u017ce lubi\u0105. Jak chc\u0105 pracowa\u0107 (ja lubi\u0119) czemu maj\u0105 tego nie robi\u0107? Jednak dzisiejsze czasy zmuszaj\u0105 po prostu kobiety do pracy, bo z jednej pensji nie da rady utrzyma\u0107 si\u0119 nawet rodzina z jednym dzieckiem. Ma\u0142o tego! Cz\u0119sto nie jest w stanie utrzyma\u0107 si\u0119 samotny kawaler czy panna! Wynajem mieszkania przekracza bowiem jego mo\u017cliwo\u015bci finansowe, a przecie\u017c jeszcze trzeba co\u015b w\u0142o\u017cy\u0107 do garnka.<\/p>\n<p>W latach 20-tych w Polsce (i na \u015bwiecie) by\u0142 straszny kryzys. Gdy w oczy pradziadkowi Ludwikowi zagl\u0105da\u0142 g\u0142\u00f3d &#8211; po\u017cycza\u0142 mu pieni\u0105dze\u2026 ojciec! Stary, emerytowany kowal! Kryzys by\u0142 jednak wtedy tak wielki, \u017ce moja prababcia Zofia z Ruszczykowskich Piekarska posz\u0142a do pracy. A poniewa\u017c nie znalaz\u0142a zatrudnienia w Warszawie, gdzie mieszka\u0142a wraz z m\u0119\u017cem, wi\u0119c musia\u0142a pracowa\u0107 w\u2026 Cz\u0119stochowie, (co zreszt\u0105 przyda\u0142o si\u0119 potem w czasie okupacji, bo to do Cz\u0119stochowy zosta\u0142a wysiedlona moja rodzina po upadku powstania warszawskiego).\u00a0Na szcz\u0119\u015bcie synowie byli odchowani.<\/p>\n<p>Myl\u0119 o tym wszystkim, ilekro\u0107 grzebi\u0119 w swojej genealogii i przegl\u0105dam kolejne dokumenty. I naprawd\u0119 nie wiem, czy rodzenie dzieci po to, by dosta\u0107 za nie 500+ jest dobrym pomys\u0142em. Chyba lepiej, by przychodzi\u0142y na \u015bwiat dlatego, \u017ce kto\u015b pragnie ich, a nie comiesi\u0119cznej pi\u0119\u0107setki. Moi prapradziadowie nie mieli tej pokusy w postaci 500+. Mieli mn\u00f3stwo dzieci! Chocia\u017c to przecie\u017c wtedy \u015bwiat pozna\u0142 pewn\u0105 francusk\u0105 pie\u015b\u0144 przet\u0142umaczon\u0105 na wiele j\u0119zyk\u00f3w \u015bwiata i uznan\u0105 za swoisty hymn, a przez lata \u015bpiewan\u0105 u nas jako s\u0142uszn\u0105. Jedna z jej zwrotek zakazana by\u0142a nawet w PRL, a wszystko dlatego, \u017ce brzmia\u0142a:<\/p>\n<blockquote>\n<p style=\"text-align: center;\">Rz\u0105d nas uciska \u2014 k\u0142ami\u0105 prawa,<br \/>\nPodatk\u00f3w brzemi\u0119 ci\u0105\u017cy nam,<br \/>\nI z praw si\u0119 naszych naigrawa<br \/>\nTen, co z bezprawia \u017cyje sam!<\/p>\n<\/blockquote>\n<p>To jest niesamowite, jak ta zwrotka jest dzi\u015b aktualna. Jak jeszcze bardziej jest dzi\u015b prawdziwa. (Po\u015bwi\u0119ci\u0142am temu nawet jeden rozdzia\u0142 swojej ksi\u0105\u017cki <a href=\"http:\/\/www.ltw.com.pl\/presta\/glowna\/385-czucie-i-wiara-czyli-warszawskie-duchy.html\" target=\"_blank\" rel=\"noopener\"><strong><em>Czucie i Wiara, czyli warszawskie duchy<\/em><\/strong><\/a>.) Bo dla mnie to kpina z cz\u0142owieka, by np. wysoko\u015b\u0107 rachunku za gaz, kt\u00f3rym ogrzewa si\u0119 mieszkanie, przekracza\u0142a wysoko\u015b\u0107 pensji! I by ta minimalna kwota wolna od podatku by\u0142a ni\u017csza od tego rachunku za gaz za ca\u0142y sezon grzewczy.<\/p>\n<p>PS Czy zacytowana zwrotka Mi\u0119dzynarod\u00f3wki trafi na indeks tekst\u00f3w zakazanych? Tak tylko pytam.<\/p>\n","protected":false},"excerpt":{"rendered":"<p>Od dzieci\u0144stwa zajmuj\u0119 si\u0119 histori\u0105 swojej rodziny. Ju\u017c jako kilkulatka z tat\u0105 rysowa\u0142am drzewo genealogiczne. Potem grzebali\u015bmy w skorowidzach miasta Warszawy, sprawdzaj\u0105c gdzie \u017cyli przodkowie i por\u00f3wnuj\u0105c to z zachowanymi w domu dokumentami. W 2013 roku za\u0142o\u017cy\u0142am portal genealogiczny. Opisa\u0142am na nim m.in. histori\u0119 i&#8230;<\/p>\n<div class=\"easywp-readmore\"><a class=\"read-more-link\" href=\"http:\/\/blog.piekarska.com.pl\/?p=137547\">Czytaj dalej&#8230;<span class=\"easywp-sr-only\">  I nie potrzebowali 500+, czyli co wiem dzi\u0119ki genealogii<\/span><\/a><\/div>\n","protected":false},"author":1,"featured_media":139708,"comment_status":"closed","ping_status":"open","sticky":false,"template":"","format":"standard","meta":{"_crdt_document":"","footnotes":""},"categories":[5,9],"tags":[77,274,326,388,564,738,817,999,1036,1247,1523,1528,1569,1571],"class_list":["post-137547","post","type-post","status-publish","format-standard","has-post-thumbnail","hentry","category-kultura","category-spoleczenstwo","tag-anegdoty","tag-dobosiewiczowie","tag-ekonomia","tag-genealogia","tag-julia-ze-stalskich-piekarska","tag-ludwik-piekarski","tag-michal-franciszek-piekarski","tag-piekarscy","tag-podatki","tag-stalscy","tag-wladyslaw-piekarski","tag-xix-wiek","tag-zofia-konstancja-ruszczykowska","tag-zofia-ze-stalskich-piekarska","wpcat-5-id","wpcat-9-id"],"_links":{"self":[{"href":"http:\/\/blog.piekarska.com.pl\/index.php?rest_route=\/wp\/v2\/posts\/137547","targetHints":{"allow":["GET"]}}],"collection":[{"href":"http:\/\/blog.piekarska.com.pl\/index.php?rest_route=\/wp\/v2\/posts"}],"about":[{"href":"http:\/\/blog.piekarska.com.pl\/index.php?rest_route=\/wp\/v2\/types\/post"}],"author":[{"embeddable":true,"href":"http:\/\/blog.piekarska.com.pl\/index.php?rest_route=\/wp\/v2\/users\/1"}],"replies":[{"embeddable":true,"href":"http:\/\/blog.piekarska.com.pl\/index.php?rest_route=%2Fwp%2Fv2%2Fcomments&post=137547"}],"version-history":[{"count":1,"href":"http:\/\/blog.piekarska.com.pl\/index.php?rest_route=\/wp\/v2\/posts\/137547\/revisions"}],"predecessor-version":[{"id":139709,"href":"http:\/\/blog.piekarska.com.pl\/index.php?rest_route=\/wp\/v2\/posts\/137547\/revisions\/139709"}],"wp:featuredmedia":[{"embeddable":true,"href":"http:\/\/blog.piekarska.com.pl\/index.php?rest_route=\/wp\/v2\/media\/139708"}],"wp:attachment":[{"href":"http:\/\/blog.piekarska.com.pl\/index.php?rest_route=%2Fwp%2Fv2%2Fmedia&parent=137547"}],"wp:term":[{"taxonomy":"category","embeddable":true,"href":"http:\/\/blog.piekarska.com.pl\/index.php?rest_route=%2Fwp%2Fv2%2Fcategories&post=137547"},{"taxonomy":"post_tag","embeddable":true,"href":"http:\/\/blog.piekarska.com.pl\/index.php?rest_route=%2Fwp%2Fv2%2Ftags&post=137547"}],"curies":[{"name":"wp","href":"https:\/\/api.w.org\/{rel}","templated":true}]}}