{"id":137048,"date":"2016-10-03T06:20:16","date_gmt":"2016-10-03T05:20:16","guid":{"rendered":"http:\/\/piekarska.blog.pl\/?p=137048"},"modified":"2016-10-03T06:20:16","modified_gmt":"2016-10-03T05:20:16","slug":"do-wiezienia-czyli-my-murzyni-swiata","status":"publish","type":"post","link":"http:\/\/blog.piekarska.com.pl\/?p=137048","title":{"rendered":"Do wi\u0119zienia, czyli my murzyni \u015bwiata"},"content":{"rendered":"<p>W kwietniu publikowa\u0142am tu sw\u00f3j stary wiersz pt. <strong><a title=\"Niechciane dziecko, czyli\u2026 piek\u0142o na ziemi\" href=\"http:\/\/piekarska.blog.pl\/?p=136189\" target=\"_blank\">\u201eC\u00f3reczka\u201d<\/a><\/strong> i pisa\u0142am o aborcji. Wiersz by\u0142 o poronieniu, cho\u0107 ostatnio pewna znajoma powiedzia\u0142a mi: \u201ewstrz\u0105saj\u0105cy ten pani wiersz o aborcji\u201d. Ale wiersz naprawd\u0119 nie jest o aborcji. Jest o samoistnym poronieniu, kt\u00f3re zdarza si\u0119 wielu kobietom zw\u0142aszcza w pierwszych miesi\u0105cach ci\u0105\u017cy. Natura bowiem wie co robi. Eliminuje ci\u0105\u017ce, kt\u00f3re nie rokuj\u0105 szcz\u0119\u015bliwym fina\u0142em w postaci narodzin zdrowego dziecka. Gdyby przytrafi\u0142o mi si\u0119 to w 2018 roku, pewnie nie mog\u0142abym tego wiersza nigdzie opublikowa\u0107. Zbli\u017camy si\u0119 bowiem do momentu, kiedy zakazana zostanie i antykoncepcja i karane b\u0119d\u0105 poronienia, jak w Salwadorze, gdzie kobiety siedz\u0105 w wi\u0119zieniach, bo nie potrafi\u0105 udowodni\u0107, \u017ce dziecko wypad\u0142o z nich na skutek interwencji natury a nie skakania na pi\u0119ty czy pchania w pochw\u0119 drutu.<\/p>\n<p>Nie chodz\u0119 na demonstracje. Na \u017cadne. Nie znosz\u0119 t\u0142um\u00f3w. Pisa\u0142am kiedy\u015b, \u017ce zbyt szybko<strong> <a href=\"http:\/\/piekarska.blog.pl\/?p=1932\" target=\"_blank\">t\u0142um zamienia si\u0119 w mot\u0142och<\/a><\/strong> i jest nie do opanowania. Ale solidaryzuj\u0119 si\u0119 z protestuj\u0105cymi dzi\u015b kobietami przeciwko zaostrzeniu ustawy aborcyjnej. Sama nie usun\u0119\u0142abym ci\u0105\u017cy, ale\u2026 czy\u017c nie jest tak, \u017ce tyle o sobie wiemy, ile nas sprawdzono? Nie zosta\u0142am zgwa\u0142cona, nie rozpoznano u mnie ci\u0105\u017cy nieprawid\u0142owej itd. Nie wiem wi\u0119c, jak bym si\u0119 zachowa\u0142a, gdyby takie straszne rzeczy mia\u0142y miejsce. Jestem za \u017cyciem. Podejrzewam, \u017ce <a href=\"http:\/\/www.gloswielkopolski.pl\/artykul\/617011,porod-na-poznanskiej-plebanii-dziecko-ksiedza-umarlo-on-ukarany-klasztorem-pelna-wersja,id,t.html\" target=\"_blank\">pozna\u0144ski ksi\u0105dz, kt\u00f3ry godzi\u0142 si\u0119 na to, by za \u015bcian\u0105 umiera\u0142o jego dziecko i nie wezwa\u0142 do rodz\u0105cej kochanki pogotowia<\/a> \u2013 te\u017c by\u0142 za \u017cyciem. Tylko nie zda\u0142 tego egzaminu, kt\u00f3ry mu to \u017cycie przys\u0142a\u0142o. Ja mam \u015bwiadomo\u015b\u0107, \u017ce \u017cycie to nie tylko moment urodzenia dziecka. To tak\u017ce dalsze lata. Mam kilka kole\u017canek z niepe\u0142nosprawnymi dzie\u0107mi i to, co sp\u0119dza im sen z powiek to brak jasnej odpowiedzi na pytanie, co b\u0119dzie z ich pociechami, gdy ich samych zabraknie. Bo tak jako\u015b to jest, \u017ce ta \u201eochrona \u017cycia\u201d ko\u0144czy si\u0119 z chwil\u0105 urodzin. Jednej ze znajomych, kt\u00f3rej dziecko jest nieuleczalnie chore, polecono dla niego hospicjum\u2026 100 kilometr\u00f3w od domu. Moje kole\u017canki, matki niepe\u0142nosprawnych, nie wychodz\u0105 ze swoich dom\u00f3w miesi\u0105cami. Jedna powiedzia\u0142a mi ostatnio, \u017ce ju\u017c nie wie, jak wygl\u0105da kino czy teatr. Nie usun\u0119\u0142aby ci\u0105\u017cy nawet gdyby wiedzia\u0142a o tym, jakie b\u0119dzie jej dziecko. Ale nie ka\u017cdy jest takim herosem. Ludzie s\u0105 s\u0142abi. I skoro tego ksi\u0119dza od rodz\u0105cej na plebanii kochanki w\u0142a\u015bciwie uniewinniono, uznaj\u0105c, \u017ce tylko okaza\u0142 s\u0142abo\u015b\u0107, to czemu skazuje si\u0119 na cierpienie kobiety? Im s\u0142abymi by\u0107 nie wolno?<\/p>\n<p>John Lennon, jeden z moich nastoletnich idoli, \u015bpiewa\u0142, \u017ce kobieta jest murzynem \u015bwiata. Ta stara piosenka jest nadal aktualna. Dla mnie to hymn dzisiejszych wydarze\u0144. A fakt, \u017ce do jednej stacji zaproszono do dyskusji o aborcji samych facet\u00f3w, \u017ce to oni w wi\u0119kszo\u015bci decyduj\u0105 o tym, co b\u0119dzie z brzuchami kobiet \u2013 jest tego najlepszym dowodem. W islamie kobieta jest przedmiotem i nie ma g\u0142osu. Ja jestem pa\u0144stwowcem. Przyjmuj\u0119 do wiadomo\u015bci wybory mojego narodu. Przyj\u0119\u0142am do wiadomo\u015bci wszystkich prezydent\u00f3w po 1989 roku, cho\u0107 \u017caden mi si\u0119 nie podoba\u0142. Przyj\u0119\u0142am do wiadomo\u015bci wynik ostatnich wybor\u00f3w. Tak nar\u00f3d chcia\u0142 \u2013 tak ma. Ale po ostatnich g\u0142osowaniach nad projektami dotycz\u0105cymi aborcji ju\u017c nie dziwi\u0119 si\u0119, \u017ce niekt\u00f3rzy nazywaj\u0105 obecne rz\u0105dy \u201ePiSlamem\u201d. Co\u015b w tym jest! I to coraz bardziej mnie przera\u017ca.<\/p>\n<p>I tylko zastanawia mnie dlaczego maszeruj\u0105cy w obronie \u017cycia i pragn\u0105cy zaostrzenia ustawy aborcyjnej to w wi\u0119kszo\u015bci m\u0119\u017cczy\u017ani i \u00a0kobiety po menopauzie. Czy naprawd\u0119 musz\u0105 o tym decydowa\u0107 ci, kt\u00f3rych to nie dotyczy?<\/p>\n<p>https:\/\/youtu.be\/CtY5bv-oxLE<\/p>\n","protected":false},"excerpt":{"rendered":"<p>W kwietniu publikowa\u0142am tu sw\u00f3j stary wiersz pt. \u201eC\u00f3reczka\u201d i pisa\u0142am o aborcji. Wiersz by\u0142 o poronieniu, cho\u0107 ostatnio pewna znajoma powiedzia\u0142a mi: \u201ewstrz\u0105saj\u0105cy ten pani wiersz o aborcji\u201d. Ale wiersz naprawd\u0119 nie jest o aborcji. Jest o samoistnym poronieniu, kt\u00f3re zdarza si\u0119 wielu kobietom&#8230;<\/p>\n<div class=\"easywp-readmore\"><a class=\"read-more-link\" href=\"http:\/\/blog.piekarska.com.pl\/?p=137048\">Czytaj dalej&#8230;<span class=\"easywp-sr-only\">  Do wi\u0119zienia, czyli my murzyni \u015bwiata<\/span><\/a><\/div>\n","protected":false},"author":1,"featured_media":0,"comment_status":"closed","ping_status":"open","sticky":false,"template":"","format":"standard","meta":{"_crdt_document":"","footnotes":""},"categories":[9],"tags":[33,228,235,554,781,1452],"class_list":["post-137048","post","type-post","status-publish","format-standard","hentry","category-spoleczenstwo","tag-aborcja","tag-ciaza","tag-coreczka","tag-john-lennon","tag-marsz","tag-wiersz","wpcat-9-id"],"_links":{"self":[{"href":"http:\/\/blog.piekarska.com.pl\/index.php?rest_route=\/wp\/v2\/posts\/137048","targetHints":{"allow":["GET"]}}],"collection":[{"href":"http:\/\/blog.piekarska.com.pl\/index.php?rest_route=\/wp\/v2\/posts"}],"about":[{"href":"http:\/\/blog.piekarska.com.pl\/index.php?rest_route=\/wp\/v2\/types\/post"}],"author":[{"embeddable":true,"href":"http:\/\/blog.piekarska.com.pl\/index.php?rest_route=\/wp\/v2\/users\/1"}],"replies":[{"embeddable":true,"href":"http:\/\/blog.piekarska.com.pl\/index.php?rest_route=%2Fwp%2Fv2%2Fcomments&post=137048"}],"version-history":[{"count":0,"href":"http:\/\/blog.piekarska.com.pl\/index.php?rest_route=\/wp\/v2\/posts\/137048\/revisions"}],"wp:attachment":[{"href":"http:\/\/blog.piekarska.com.pl\/index.php?rest_route=%2Fwp%2Fv2%2Fmedia&parent=137048"}],"wp:term":[{"taxonomy":"category","embeddable":true,"href":"http:\/\/blog.piekarska.com.pl\/index.php?rest_route=%2Fwp%2Fv2%2Fcategories&post=137048"},{"taxonomy":"post_tag","embeddable":true,"href":"http:\/\/blog.piekarska.com.pl\/index.php?rest_route=%2Fwp%2Fv2%2Ftags&post=137048"}],"curies":[{"name":"wp","href":"https:\/\/api.w.org\/{rel}","templated":true}]}}