{"id":136691,"date":"2016-06-29T10:46:39","date_gmt":"2016-06-29T09:46:39","guid":{"rendered":"http:\/\/piekarska.blog.pl\/?p=136691"},"modified":"2019-03-29T11:41:19","modified_gmt":"2019-03-29T11:41:19","slug":"u-lekarza-czyli-refleksja-o-chorobach","status":"publish","type":"post","link":"http:\/\/blog.piekarska.com.pl\/?p=136691","title":{"rendered":"U lekarza, czyli refleksja o chorobach"},"content":{"rendered":"\n<p class=\"wp-block-paragraph\"><span style=\"line-height: 1.5\">Sta\u0142o si\u0119. Wczoraj na prostej drodze potkn\u0119\u0142am si\u0119 i wywr\u00f3ci\u0142am. Wchodzi\u0142am do domu dziennikarza na Foksal, kiedy straci\u0142am r\u00f3wnowag\u0119. By\u0142am w tenis\u00f3wkach, nie jest to wi\u0119c kwestia but\u00f3w, a nier\u00f3wnego chodnika i wystaj\u0105cej p\u0142yty przykrywaj\u0105cej studzienk\u0119 telekomunikacyjn\u0105. Trac\u0105c r\u00f3wnowag\u0119 ciemieniem uderzy\u0142am w pierwszy schodek. B\u00f3l by\u0142 tak straszny, \u017ce nigdy w \u017cyciu, jak tyle lat \u017cyj\u0119, tak si\u0119 w czubek g\u0142owy nie uderzy\u0142am. By\u0142o mi niedobrze, mia\u0142am md\u0142o\u015bci i hucza\u0142o mi w czaszce. W trakcie upadku rozmawia\u0142am zreszt\u0105 przez telefon z Ulubionym, wi\u0119c on s\u0142ysza\u0142 wszystko, co si\u0119 dzia\u0142o, gdy\u017c mia\u0142am w uchu bezprzewodow\u0105 s\u0142uchawk\u0119. By\u0142 strasznie zdenerwowany moim stanem, nawet chcia\u0142 natychmiast wyj\u015b\u0107 z pracy w studio nagraniowym i przyjecha\u0107 po mnie. Powiedzia\u0142am, \u017ce sobie poradz\u0119. Poniewa\u017c b\u00f3l g\u0142owy nie przechodzi\u0142, huczenie w czaszce r\u00f3wnie\u017c, wi\u0119c po dw\u00f3ch godzinach zdecydowa\u0142am si\u0119 p\u00f3j\u015b\u0107 do lekarza. Ostatni raz u internisty by\u0142am w 2009 roku (a w\u0142a\u015bciwie to on by\u0142 wtedy u mnie). Ulubiony wr\u00f3ci\u0142 ju\u017c z pracy, upar\u0142 si\u0119 jecha\u0107 ze mn\u0105, wi\u0119c wzi\u0119li\u015bmy taks\u00f3wk\u0119 i pojechali\u015bmy do przychodni niedaleko domu. Po drodze niemal umiera\u0142am, bo tak mi hucza\u0142o w g\u0142owie, a smr\u00f3d ulicy powodowa\u0142 md\u0142o\u015bci. Denerwowa\u0142y mnie wszystkie odg\u0142osy. Nawet gadanie Ulubionego. Ub\u0142aga\u0142am go, by pomilcza\u0142 do wej\u015bcia do przychodni. Po kwadransie, mimo kork\u00f3w, dotarli\u015bmy na miejsce. Tu\u017c przede mn\u0105 w gabinecie by\u0142a jaka\u015b pacjentka, wi\u0119c usiedli\u015bmy na kanapie. Siedz\u0105cy obok mnie starszy pan powiedzia\u0142, \u017ce w gabinecie jest jego c\u00f3rka. W trakcie tego wyznania Ulubiony by\u0142 w WC. Gdy kobieta wreszcie wysz\u0142a spojrza\u0142 na ni\u0105 i powiedzia\u0142:<\/span><\/p>\n\n\n\n<p class=\"wp-block-paragraph\">&#8211; Widzisz, pan te\u017c z \u017con\u0105.<\/p>\n\n\n\n<p class=\"wp-block-paragraph\">&#8211; To c\u00f3rka jest.<\/p>\n\n\n\n<p class=\"wp-block-paragraph\">Ulubionego zatka\u0142o. Popatrzy\u0142am za odchodz\u0105cymi. C\u00f3rka wygl\u0105da\u0142a na starsza pani\u0105, gdy\u017c by\u0142a tak przera\u017aliwie chuda, \u017ce spokojnie mog\u0142aby statystowa\u0107 w filmach o obozach koncentracyjnych. Reszty opisu jej postaci oszcz\u0119dz\u0119. Nadesz\u0142a moja kolej, Ulubiony wpakowa\u0142 si\u0119 ze mn\u0105 do gabinetu. Powiedzia\u0142am, by wyszed\u0142, \u017ce sama sobie poradz\u0119. Lekarka na to:<\/p>\n\n\n\n<p class=\"wp-block-paragraph\">&#8211; Co za dzie\u0144. Przed chwil\u0105 poprzednia pacjentka te\u017c chcia\u0142a sama. A przysz\u0142a z ojcem, kt\u00f3ry chcia\u0142 wiedzie\u0107 co z c\u00f3rk\u0105.<\/p>\n\n\n\n<p class=\"wp-block-paragraph\">&#8211; Przecie\u017c go\u0142ym okiem wida\u0107, \u017ce ma anoreksj\u0119 \u2013 stwierdzi\u0142am i usiad\u0142am na krze\u015ble przed lekarskim biurkiem.<\/p>\n\n\n\n<p class=\"wp-block-paragraph\">&#8211; Sk\u0105d pani wie? \u2013 spyta\u0142a lekarka.<\/p>\n\n\n\n<p class=\"wp-block-paragraph\">&#8211; Chocia\u017cby po tych udach grubo\u015bci mojego nadgarstka.<\/p>\n\n\n\n<p class=\"wp-block-paragraph\">Lekarka westchn\u0119\u0142a i odpowiedzia\u0142a:<\/p>\n\n\n\n<p class=\"wp-block-paragraph\">&#8211; Ona u mnie ju\u017c trzeci raz i za ka\u017cdym razem jej to pisz\u0119, \u017ce moim zdaniem to anoreksja, ale by potwierdzi\u0107 konieczna jest konsultacja u dietetyka. Ale ona nie chce. I tylko pyta, czemu jej jest s\u0142abo. Tego ojca mi \u017cal. Taki za\u0142amany.<\/p>\n\n\n\n<p class=\"wp-block-paragraph\">Nie kontynuowa\u0142y\u015bmy ju\u017c rozmowy na temat anorektyczki tylko pani doktor przyst\u0105pi\u0142a do badania. Stwierdzi\u0142a, \u017ce objaw\u00f3w wstrz\u0105su m\u00f3zgu nie ma, kaza\u0142a przyk\u0142ada\u0107 l\u00f3d, zje\u015b\u0107 loda, a najlepiej sorbet (bo nie t\u0142usty) i p\u00f3j\u015b\u0107 do domu pole\u017ce\u0107. Nie je\u015b\u0107 t\u0142ustych i ci\u0119\u017ckostrawnych rzeczy. Paradoksalnie ju\u017c zjedzenie sorbeta rzeczywi\u015bcie pomog\u0142o, bo jakim\u015b cudem usta\u0142o huczenie w g\u0142owie i znikn\u0119\u0142y md\u0142o\u015bci. Do domu wr\u00f3cili\u015bmy wi\u0119c spacerkiem przez park. Rozmawiali\u015bmy o anorektyczce. Jej choroba by\u0142a widoczna go\u0142ym okiem. Zastanawiali\u015bmy si\u0119, czy ona naprawd\u0119 nie wie, co jej dolega czy nie dopuszcza do siebie tej my\u015bli? I wydawa\u0142o nam si\u0119, \u017ce to drugie. To zreszt\u0105 ciekawe, \u017ce z anoreksj\u0105, jak z wieloma chorobami psychicznymi jest tak, \u017ce chory nie dopuszcza my\u015bli, \u017ce mo\u017ce by\u0107 chory.<\/p>\n\n\n\n<figure class=\"wp-block-embed-instagram wp-block-embed is-type-rich is-provider-instagram\"><div class=\"wp-block-embed__wrapper\">\nhttps:\/\/www.instagram.com\/p\/BHNBdrPDUK9\/?utm_source=ig_web_button_share_sheet\n<\/div><\/figure>\n\n\n\n<p class=\"wp-block-paragraph\">Kiedy\u015b rzadko na ulicach widzia\u0142am tak chude osoby. Rzadko te\u017c widzia\u0142am tak przera\u017caj\u0105co grube, jakie spotykam teraz. Dzi\u015b jeden i drugi widok jest powszechny. Ju\u017c nawet przesta\u0142 szokowa\u0107, cho\u0107 czasem powoduje u niekt\u00f3rych uczucie obrzydzenia. I tylko to mnie dziwi, \u017ce ci strasznie chudzi i ci strasznie grubi ludzie nie chc\u0105 tego leczy\u0107. Ja nie jestem fank\u0105 \u0142a\u017cenia do przychodni. Ale mocne uderzenie w g\u0142ow\u0119 sprawi\u0142o, \u017ce zmieni\u0142am plany i posz\u0142am na konsultacj\u0119, cho\u0107by po to, by si\u0119 uspokoi\u0107, \u017ce jest ok. Dlatego nie wiem, jak mo\u017cna wygl\u0105da\u0107 jak zombie i wypiera\u0107 informacje, \u017ce to z powodu z\u0142ej diety. I jak mo\u017cna wygl\u0105da\u0107, jak nie przymierzaj\u0105c szafa trzydrzwiowa, z trudem wtacza\u0107 si\u0119 do McDonald\u2019s po cztery hamburgery i nie uwa\u017ca\u0107, \u017ce to niezbyt normalne? Przecie\u017c nawet ja, kt\u00f3re nie lubi\u0119 lekarstw i wizyt u lekarzy zdecydowa\u0142am si\u0119 skorzysta\u0107 z pomocy, gdy po dw\u00f3ch godzinach nadal by\u0142o mi bardzo s\u0142abo.<\/p>\n","protected":false},"excerpt":{"rendered":"<p>Sta\u0142o si\u0119. Wczoraj na prostej drodze potkn\u0119\u0142am si\u0119 i wywr\u00f3ci\u0142am. Wchodzi\u0142am do domu dziennikarza na Foksal, kiedy straci\u0142am r\u00f3wnowag\u0119. By\u0142am w tenis\u00f3wkach, nie jest to wi\u0119c kwestia but\u00f3w, a nier\u00f3wnego chodnika i wystaj\u0105cej p\u0142yty przykrywaj\u0105cej studzienk\u0119 telekomunikacyjn\u0105. Trac\u0105c r\u00f3wnowag\u0119 ciemieniem uderzy\u0142am w pierwszy schodek. B\u00f3l&#8230;<\/p>\n<div class=\"easywp-readmore\"><a class=\"read-more-link\" href=\"http:\/\/blog.piekarska.com.pl\/?p=136691\">Czytaj dalej&#8230;<span class=\"easywp-sr-only\">  U lekarza, czyli refleksja o chorobach<\/span><\/a><\/div>\n","protected":false},"author":1,"featured_media":136694,"comment_status":"closed","ping_status":"open","sticky":false,"template":"","format":"standard","meta":{"_crdt_document":"","footnotes":""},"categories":[8,9,11],"tags":[76,87,226,717,959],"class_list":["post-136691","post","type-post","status-publish","format-standard","has-post-thumbnail","hentry","category-pomozmy","category-spoleczenstwo","category-prywatne","tag-anegdota","tag-anoreksja","tag-chudosc","tag-lekarz","tag-otylosc","wpcat-8-id","wpcat-9-id","wpcat-11-id"],"_links":{"self":[{"href":"http:\/\/blog.piekarska.com.pl\/index.php?rest_route=\/wp\/v2\/posts\/136691","targetHints":{"allow":["GET"]}}],"collection":[{"href":"http:\/\/blog.piekarska.com.pl\/index.php?rest_route=\/wp\/v2\/posts"}],"about":[{"href":"http:\/\/blog.piekarska.com.pl\/index.php?rest_route=\/wp\/v2\/types\/post"}],"author":[{"embeddable":true,"href":"http:\/\/blog.piekarska.com.pl\/index.php?rest_route=\/wp\/v2\/users\/1"}],"replies":[{"embeddable":true,"href":"http:\/\/blog.piekarska.com.pl\/index.php?rest_route=%2Fwp%2Fv2%2Fcomments&post=136691"}],"version-history":[{"count":1,"href":"http:\/\/blog.piekarska.com.pl\/index.php?rest_route=\/wp\/v2\/posts\/136691\/revisions"}],"predecessor-version":[{"id":140237,"href":"http:\/\/blog.piekarska.com.pl\/index.php?rest_route=\/wp\/v2\/posts\/136691\/revisions\/140237"}],"wp:featuredmedia":[{"embeddable":true,"href":"http:\/\/blog.piekarska.com.pl\/index.php?rest_route=\/"}],"wp:attachment":[{"href":"http:\/\/blog.piekarska.com.pl\/index.php?rest_route=%2Fwp%2Fv2%2Fmedia&parent=136691"}],"wp:term":[{"taxonomy":"category","embeddable":true,"href":"http:\/\/blog.piekarska.com.pl\/index.php?rest_route=%2Fwp%2Fv2%2Fcategories&post=136691"},{"taxonomy":"post_tag","embeddable":true,"href":"http:\/\/blog.piekarska.com.pl\/index.php?rest_route=%2Fwp%2Fv2%2Ftags&post=136691"}],"curies":[{"name":"wp","href":"https:\/\/api.w.org\/{rel}","templated":true}]}}