{"id":135950,"date":"2016-01-31T17:38:36","date_gmt":"2016-01-31T16:38:36","guid":{"rendered":"http:\/\/piekarska.blog.pl\/?p=135950"},"modified":"2016-01-31T17:38:36","modified_gmt":"2016-01-31T16:38:36","slug":"30-lat-minelo","status":"publish","type":"post","link":"http:\/\/blog.piekarska.com.pl\/?p=135950","title":{"rendered":"30 lat min\u0119\u0142o"},"content":{"rendered":"<p>Czas leci szybko. Nie wiem, kiedy to wszystko przemin\u0119\u0142o. Bo przecie\u017c wci\u0105\u017c wydaje mi si\u0119, \u017ce to by\u0142o wczoraj. By\u0142 rok 1986, kiedy tata po\u0142o\u017cy\u0142 na moim biurku \u017bycie Warszawy, w kt\u00f3rym pokaza\u0142 mi og\u0142oszenie, \u017ce Staromiejski Dom Kultury prowadzi nab\u00f3r na warsztaty literackie dla m\u0142odzie\u017cy i doros\u0142ych. Trzeba by\u0142o wys\u0142a\u0107 swoje teksty, a o decyzji, czy kwalifikuj\u0119 si\u0119, zostan\u0119 powiadomiona poczt\u0105. Po kilku dniach dosta\u0142am odpowied\u017a, \u017ce mam stawi\u0107 si\u0119 w g\u0142\u00f3wnej Sali SDK na I pi\u0119trze. Przysz\u0142am. Wraz ze mn\u0105 by\u0142 t\u0142um ludzi. Spotka\u0142am nawet kole\u017cank\u0119. Jedn\u0105 z tych, kt\u00f3re urod\u0105 i elokwencj\u0105 wprawia\u0142y mnie w kompleksy. Przed nami stan\u0105\u0142 m\u0142ody cz\u0142owiek, kt\u00f3ry sprawowa\u0142 funkcj\u0119 opiekuna naszej grupy, ludzi aspiruj\u0105cych do bycia literatami. Poinformowa\u0142 nas, \u017ce by\u0142o du\u017co prac, \u017ce do grupy prozaik\u00f3w zakwalifikowa\u0142y si\u0119 3 osoby. Westchn\u0119\u0142am tylko. Na sali by\u0142o tych os\u00f3b co najmniej ze dwie\u015bcie. Szpilki nie mo\u017cna by\u0142o wetkn\u0105\u0107. Nagle ku memu zdumieniu wyczytano moje nazwisko. I tak, wraz z dwiema innymi osobami, kt\u00f3rych nazwisk i twarzy dzi\u015b ju\u017c nie pami\u0119tam, a czasu na zajrzenie do notatek ci\u0105gle brak, dosta\u0142am si\u0119 na warsztaty literackie. Sp\u0119dzi\u0142am w SDK kilka przyjemnych lat. Je\u017adzi\u0142am na warsztaty poza Warszaw\u0119, na prawdziwe literackie maratony uczenia jak pisa\u0107. (Przesta\u0142am po okr\u0105g\u0142ym stole, kiedy dosta\u0142am si\u0119 na studia.) Nasz opiekun dziwi\u0142 si\u0119, \u017ce nie wszyscy piszemy teksty zaanga\u017cowane politycznie. On takie w\u0142a\u015bnie wiersze pisa\u0142, kiedy sam przed kilku laty dosta\u0142 si\u0119 na takie same warsztaty, jakie teraz organizowa\u0142 swoim m\u0142odszym kolegom. By\u0142 autorem tomiku wierszy, kt\u00f3ry ukaza\u0142 si\u0119 w 1988 roku. By\u0142 te\u017c dzia\u0142aczem NZS.<\/p>\n<figure id=\"attachment_135942\" aria-describedby=\"caption-attachment-135942\" style=\"width: 1080px\" class=\"wp-caption aligncenter\"><a href=\"http:\/\/piekarska.blog.pl\/?attachment_id=135942\" rel=\"attachment wp-att-135942\"><img loading=\"lazy\" decoding=\"async\" class=\"size-full wp-image-135942\" alt=\"Tak by\u0142o... #wiersze #micha\u0142arabudzki\" src=\"http:\/\/piekarska.blog.pl\/files\/2013\/06\/12547728_1689740767974039_256726318_n.jpg\" width=\"1080\" height=\"1080\" \/><\/a><figcaption id=\"caption-attachment-135942\" class=\"wp-caption-text\">Tak by\u0142o&#8230; #wiersze #micha\u0142arabudzki<\/figcaption><\/figure>\n<p>Kilka dni temu wr\u00f3ci\u0142am do SDK poprowadzi\u0107 wiecz\u00f3r autorski Micha\u0142a Arabudzkiego &#8211; scenarzysty filmowego, filmowca, a prywatnie kolegi, kt\u00f3ry wtedy w SDK prowadzi\u0142 warsztaty scenariuszowe, (na kt\u00f3re te\u017c chodzi\u0142am), sam za\u015b by\u0142 we wcze\u015bniejszej warsztatowej grupie literackiej, nota bene z naszym opiekunem.<\/p>\n<p>Na wiecz\u00f3r autorski Micha\u0142a przysz\u0142o sporo naszych koleg\u00f3w i kole\u017canek z dawnych lat. Wiersze wspaniale czytali Adam Bauman i Ma\u0142gorzata Pie\u0144kowska.\u00a0Sebastian Lenart &#8211; dyrektor Staromiejskiego Domu Kultury powiedzia\u0142, \u017ce skoro wracamy tu: Micha\u0142 jako poeta z tomikiem wierszy \u201ePurpurowe lustra\u201d (nota bene \u015bwietnym), a ja jako prowadz\u0105ca i prezes Oddzia\u0142u Warszawskiego Stowarzyszenia Pisarzy Polskich, to znaczy, \u017ce warsztaty mia\u0142y sens. Wida\u0107, \u017ce co\u015b z nas wyros\u0142o.<\/p>\n<p>I pomy\u015bla\u0142am wtedy o naszym koledze, opiekunie warsztat\u00f3w sprzed lat. Dzi\u015b jest politykiem pewnej partii. Nawet by\u0142 w swoim czasie ministrem. Zostawi\u0142 poezj\u0119 dla polityki. Czy s\u0142usznie? Spytam go przy najbli\u017cszej okazji, bo czasem widujemy si\u0119 na r\u00f3\u017cnych imprezach, na kt\u00f3rych bywam, jako dziennikarka. Zawsze jest serdeczny. Jak kiedy\u015b. I tylko w\u0105tpi\u0119 czy ktokolwiek patrz\u0105c na niego pomy\u015bla\u0142by, \u017ce przed 30 laty pisa\u0142 wiersze. Tak jak nikt z nas 30 lat temu nie przypuszcza\u0142, \u017ce kiedykolwiek porzuci literatur\u0119. Ciekawi mnie, czy na takie w sumie intymne pytanie, otrzymam szczer\u0105 odpowied\u017a.<\/p>\n","protected":false},"excerpt":{"rendered":"<p>Czas leci szybko. Nie wiem, kiedy to wszystko przemin\u0119\u0142o. Bo przecie\u017c wci\u0105\u017c wydaje mi si\u0119, \u017ce to by\u0142o wczoraj. By\u0142 rok 1986, kiedy tata po\u0142o\u017cy\u0142 na moim biurku \u017bycie Warszawy, w kt\u00f3rym pokaza\u0142 mi og\u0142oszenie, \u017ce Staromiejski Dom Kultury prowadzi nab\u00f3r na warsztaty literackie dla&#8230;<\/p>\n<div class=\"easywp-readmore\"><a class=\"read-more-link\" href=\"http:\/\/blog.piekarska.com.pl\/?p=135950\">Czytaj dalej&#8230;<span class=\"easywp-sr-only\">  30 lat min\u0119\u0142o<\/span><\/a><\/div>\n","protected":false},"author":1,"featured_media":0,"comment_status":"closed","ping_status":"open","sticky":false,"template":"","format":"standard","meta":{"_crdt_document":"","footnotes":""},"categories":[5,6],"tags":[36,730,796,816,1043,1050],"class_list":["post-135950","post","type-post","status-publish","format-standard","hentry","category-kultura","category-pisarstwo","tag-adam-bauman","tag-literatura","tag-malgorzata-pienkowska","tag-michal-arabudzki","tag-poezja","tag-polityka","wpcat-5-id","wpcat-6-id"],"_links":{"self":[{"href":"http:\/\/blog.piekarska.com.pl\/index.php?rest_route=\/wp\/v2\/posts\/135950","targetHints":{"allow":["GET"]}}],"collection":[{"href":"http:\/\/blog.piekarska.com.pl\/index.php?rest_route=\/wp\/v2\/posts"}],"about":[{"href":"http:\/\/blog.piekarska.com.pl\/index.php?rest_route=\/wp\/v2\/types\/post"}],"author":[{"embeddable":true,"href":"http:\/\/blog.piekarska.com.pl\/index.php?rest_route=\/wp\/v2\/users\/1"}],"replies":[{"embeddable":true,"href":"http:\/\/blog.piekarska.com.pl\/index.php?rest_route=%2Fwp%2Fv2%2Fcomments&post=135950"}],"version-history":[{"count":0,"href":"http:\/\/blog.piekarska.com.pl\/index.php?rest_route=\/wp\/v2\/posts\/135950\/revisions"}],"wp:attachment":[{"href":"http:\/\/blog.piekarska.com.pl\/index.php?rest_route=%2Fwp%2Fv2%2Fmedia&parent=135950"}],"wp:term":[{"taxonomy":"category","embeddable":true,"href":"http:\/\/blog.piekarska.com.pl\/index.php?rest_route=%2Fwp%2Fv2%2Fcategories&post=135950"},{"taxonomy":"post_tag","embeddable":true,"href":"http:\/\/blog.piekarska.com.pl\/index.php?rest_route=%2Fwp%2Fv2%2Ftags&post=135950"}],"curies":[{"name":"wp","href":"https:\/\/api.w.org\/{rel}","templated":true}]}}