{"id":135866,"date":"2015-12-28T09:23:43","date_gmt":"2015-12-28T08:23:43","guid":{"rendered":"http:\/\/piekarska.blog.pl\/?p=135866"},"modified":"2015-12-28T09:23:43","modified_gmt":"2015-12-28T08:23:43","slug":"podsumowanie-czyli-dobrze","status":"publish","type":"post","link":"http:\/\/blog.piekarska.com.pl\/?p=135866","title":{"rendered":"Podsumowanie, czyli dobrze"},"content":{"rendered":"<p>Martwi\u0119 si\u0119, gdy mi jest za dobrze \u2013 m\u00f3wi\u0142a moja ciocia. To jej powiedzenie przypominam sobie zawsze, gdy przychodzi do podsumowania mijaj\u0105cego roku i jest on dla mnie udany.<\/p>\n<p>Odchodz\u0105cy rok, cho\u0107 zosta\u0142o go jeszcze kilka dni, nale\u017cy do udanych. Uda\u0142o mi si\u0119: wyda\u0107 ksi\u0105\u017ck\u0119 <strong><a href=\"http:\/\/czucieiwiara.pl\/\" target=\"_blank\">\u201eCzucie i Wiara, czyli warszawskie duchy\u201d<\/a><\/strong>, za\u0142o\u017cy\u0107 kwartalnik literacki <strong><a href=\"http:\/\/podglad.com.pl\/\" target=\"_blank\">\u201ePodgl\u0105d\u201d<\/a><\/strong> \u2013 pismo Oddzia\u0142u Warszawskiego Stowarzyszenia Pisarzy Polskich i wyda\u0107 jego trzy numery, rozsta\u0107 si\u0119 z wydawc\u0105, przy kt\u00f3rym nie zarabia\u0142am, przej\u015b\u0107 z tytu\u0142ami do nowego wydawnictwa, dla kt\u00f3rego pisz\u0119 kolejn\u0105 cz\u0119\u015b\u0107 <strong>\u201eKlasy pani Czajki\u201d<\/strong>, (kt\u00f3rej nowe wydanie uka\u017ce si\u0119 w po\u0142owie stycznia, za\u015b nowe wydanie <strong>\u201eTropicieli\u201d<\/strong> w marcu), wyda\u0107 audiobook <strong>\u201eKlasy pani Czajki\u201d<\/strong> \u015bwietnie interpretowany przez aktora Janusza Zadur\u0119, rozpocz\u0105\u0107 rozmowy na temat wydania bu\u0142garskiego i w\u0119gierskiego, dosta\u0107 si\u0119 na pewien kurs, kt\u00f3ry mam nadziej\u0119, \u017ce rozwinie mnie zawodowo, um\u00f3wi\u0107 si\u0119 (na razie wst\u0119pnie i na g\u0119b\u0119, bo umowa ma zosta\u0107 podpisana po nowym roku) na jeszcze jedn\u0105 ksi\u0105\u017ck\u0119, dogada\u0107 si\u0119 w sprawie dodruku <strong>\u201eKursu dziennikarstwa dla samouk\u00f3w\u201d<\/strong>, rozwin\u0105\u0107 projekt genealogiczny tak, \u017ce strona <a href=\"http:\/\/piekarscy.com.pl\" target=\"_blank\"><strong>piekarscy.com.pl<\/strong><\/a> ma ju\u017c ponad milion ods\u0142on, zmodyfikowa\u0107 swoj\u0105 <strong><a href=\"http:\/\/piekarska.com.pl\" target=\"_blank\">stron\u0119 autorsk\u0105<\/a><\/strong>, <a href=\"http:\/\/zmuszynski.eu\" target=\"_blank\"><strong>stron\u0119 Ulubionego<\/strong><\/a>, <a href=\"http:\/\/sppwarszawa.pl\" target=\"_blank\"><strong>stron\u0119 Oddzia\u0142u Warszawskiego Stowarzyszenia Pisarzy Polskich<\/strong><\/a>, a nawet, mimo rzucanych przez przewrotny los k\u0142\u00f3d pod nogi, napisa\u0107 i wystawi\u0107 <a href=\"http:\/\/bubloteka.com.pl\/\" target=\"_blank\"><strong>sztuk\u0119<\/strong><\/a>, kt\u00f3ra (s\u0105dz\u0105c po reakcji na widowni i nap\u0142ywaj\u0105cych do nas g\u0142osach) podoba\u0142a si\u0119 widzom. Tyle, je\u015bli idzie o sprawy zawodowe. Ale i prywatnie narzeka\u0107 nie mog\u0119, cho\u0107 zostali\u015bmy w domu bez zwierz\u0105t, co wprowadza w naszym, a zw\u0142aszcza moim, \u017cyciu pewien niepok\u00f3j.<\/p>\n<p>Dlatego wiele sobie nie \u017cycz\u0119. Po prostu chcia\u0142abym, by nadchodz\u0105cy rok nie by\u0142 groszy. Postanowie\u0144 \u017cadnych nie czyni\u0119, poza tym, \u017ce b\u0119d\u0119 pracowa\u0107. Ale u mnie to nic nowego.<\/p>\n<p><a href=\"http:\/\/piekarska.com.pl\/wp-content\/uploads\/2015\/11\/projekt-4-c.jpg\" target=\"_blank\"><img loading=\"lazy\" decoding=\"async\" class=\"alignnone size-thumbnail wp-image-4903\" alt=\"projekt 4 c\" src=\"http:\/\/piekarska.com.pl\/wp-content\/uploads\/2015\/11\/projekt-4-c-150x150.jpg\" width=\"150\" height=\"150\" \/><\/a>\u00a0<a href=\"http:\/\/piekarska.com.pl\/wp-content\/uploads\/2015\/11\/Tropiciele_front.jpg\" target=\"_blank\"><img loading=\"lazy\" decoding=\"async\" class=\"alignnone size-thumbnail wp-image-4904\" alt=\"Tropiciele_front\" src=\"http:\/\/piekarska.com.pl\/wp-content\/uploads\/2015\/11\/Tropiciele_front-150x150.jpg\" width=\"150\" height=\"150\" \/><\/a> <a href=\"http:\/\/piekarska.com.pl\/wp-content\/uploads\/2015\/10\/klasa-pani-czajki-wyd-ii-cd.jpg\" target=\"_blank\"><img loading=\"lazy\" decoding=\"async\" class=\"alignnone size-thumbnail wp-image-4856\" alt=\"klasa-pani-czajki-wyd-ii-cd\" src=\"http:\/\/piekarska.com.pl\/wp-content\/uploads\/2015\/10\/klasa-pani-czajki-wyd-ii-cd-150x150.jpg\" width=\"150\" height=\"150\" \/><\/a>\u00a0<a href=\"http:\/\/piekarska.com.pl\/wp-content\/uploads\/2015\/04\/okladka.jpg\" target=\"_blank\"><img loading=\"lazy\" decoding=\"async\" class=\"alignnone size-thumbnail wp-image-131\" alt=\"okladka\" src=\"http:\/\/piekarska.com.pl\/wp-content\/uploads\/2015\/04\/okladka-150x150.jpg\" width=\"150\" height=\"150\" \/><\/a>\u00a0<a href=\"http:\/\/piekarska.com.pl\/wp-content\/uploads\/2015\/04\/kurs-dziennikarstwa.jpg\" target=\"_blank\"><img loading=\"lazy\" decoding=\"async\" class=\"alignnone size-thumbnail wp-image-170\" alt=\"kurs dziennikarstwa\" src=\"http:\/\/piekarska.com.pl\/wp-content\/uploads\/2015\/04\/kurs-dziennikarstwa-150x150.jpg\" width=\"150\" height=\"150\" \/><\/a>\u00a0<a href=\"http:\/\/piekarska.com.pl\/wp-content\/uploads\/2015\/12\/Podglad_nr3_2015_okladka1a.jpg\" target=\"_blank\"><img loading=\"lazy\" decoding=\"async\" class=\"alignnone size-thumbnail wp-image-4995\" alt=\"Podglad_nr3_2015_okladka1a\" src=\"http:\/\/piekarska.com.pl\/wp-content\/uploads\/2015\/12\/Podglad_nr3_2015_okladka1a-150x150.jpg\" width=\"150\" height=\"150\" \/><\/a><\/p>\n","protected":false},"excerpt":{"rendered":"<p>Martwi\u0119 si\u0119, gdy mi jest za dobrze \u2013 m\u00f3wi\u0142a moja ciocia. To jej powiedzenie przypominam sobie zawsze, gdy przychodzi do podsumowania mijaj\u0105cego roku i jest on dla mnie udany. Odchodz\u0105cy rok, cho\u0107 zosta\u0142o go jeszcze kilka dni, nale\u017cy do udanych. Uda\u0142o mi si\u0119: wyda\u0107 ksi\u0105\u017ck\u0119&#8230;<\/p>\n<div class=\"easywp-readmore\"><a class=\"read-more-link\" href=\"http:\/\/blog.piekarska.com.pl\/?p=135866\">Czytaj dalej&#8230;<span class=\"easywp-sr-only\">  Podsumowanie, czyli dobrze<\/span><\/a><\/div>\n","protected":false},"author":1,"featured_media":0,"comment_status":"closed","ping_status":"open","sticky":false,"template":"","format":"standard","meta":{"_crdt_document":"","footnotes":""},"categories":[5,6,11],"tags":[106,185,253,388,524,615,684,699,701,1000,1123,1240,1277,1375,1505],"class_list":["post-135866","post","type-post","status-publish","format-standard","hentry","category-kultura","category-pisarstwo","category-prywatne","tag-audiobook","tag-bubloteka","tag-czucie-i-wiara","tag-genealogia","tag-janusz-zadura","tag-klasa-pani-czajki","tag-ksiazka","tag-kurs-dziennikarstwa-dla-samoukow","tag-kwartalnik-literacki-podglad","tag-piekarscy-com-pl","tag-publikacja","tag-spp","tag-stowarzyszenie-pisarzy-polskich","tag-tropiciele","tag-wydanie","wpcat-5-id","wpcat-6-id","wpcat-11-id"],"_links":{"self":[{"href":"http:\/\/blog.piekarska.com.pl\/index.php?rest_route=\/wp\/v2\/posts\/135866","targetHints":{"allow":["GET"]}}],"collection":[{"href":"http:\/\/blog.piekarska.com.pl\/index.php?rest_route=\/wp\/v2\/posts"}],"about":[{"href":"http:\/\/blog.piekarska.com.pl\/index.php?rest_route=\/wp\/v2\/types\/post"}],"author":[{"embeddable":true,"href":"http:\/\/blog.piekarska.com.pl\/index.php?rest_route=\/wp\/v2\/users\/1"}],"replies":[{"embeddable":true,"href":"http:\/\/blog.piekarska.com.pl\/index.php?rest_route=%2Fwp%2Fv2%2Fcomments&post=135866"}],"version-history":[{"count":0,"href":"http:\/\/blog.piekarska.com.pl\/index.php?rest_route=\/wp\/v2\/posts\/135866\/revisions"}],"wp:attachment":[{"href":"http:\/\/blog.piekarska.com.pl\/index.php?rest_route=%2Fwp%2Fv2%2Fmedia&parent=135866"}],"wp:term":[{"taxonomy":"category","embeddable":true,"href":"http:\/\/blog.piekarska.com.pl\/index.php?rest_route=%2Fwp%2Fv2%2Fcategories&post=135866"},{"taxonomy":"post_tag","embeddable":true,"href":"http:\/\/blog.piekarska.com.pl\/index.php?rest_route=%2Fwp%2Fv2%2Ftags&post=135866"}],"curies":[{"name":"wp","href":"https:\/\/api.w.org\/{rel}","templated":true}]}}