{"id":135837,"date":"2015-12-19T10:53:27","date_gmt":"2015-12-19T09:53:27","guid":{"rendered":"http:\/\/piekarska.blog.pl\/?p=135837"},"modified":"2015-12-19T10:53:27","modified_gmt":"2015-12-19T09:53:27","slug":"trema","status":"publish","type":"post","link":"http:\/\/blog.piekarska.com.pl\/?p=135837","title":{"rendered":"Bublowata trema"},"content":{"rendered":"<p>Je\u015bli kto\u015b my\u015bli, \u017ce przed spektaklem trema z\u017cera tylko aktor\u00f3w jest w b\u0142\u0119dzie. Mnie te\u017c z\u017cera. Premiera mojej sztuki &#8222;Bubloteka&#8221; jest dzi\u015b. Jutro spektakl popremierowy. Wszystko w <a href=\"http:\/\/www.teatr-rozrywki.pl\/\" target=\"_blank\"><strong>Teatrze Rozrywki<\/strong><\/a> w przyjaznym Chorzowie, w kt\u00f3rym o nasz \u017co\u0142\u0105dek dbaj\u0105 w\u0142a\u015bciciele lokalu &#8222;Metamorfoza&#8221; przy ul. Katowickiej.<\/p>\n<p>Przez ostatnie dni nie mia\u0142am czasu pisa\u0107, bo trwa\u0142y pr\u00f3by, ja za\u015b nie tylko autor i wsp\u00f3\u0142producent, ale z powodu r\u00f3\u017cnych zawirowa\u0144, (o kt\u00f3rych by\u0107 mo\u017ce kiedy\u015b napisz\u0119), tak\u017ce wsp\u00f3\u0142re\u017cyser. A dzi\u015b ze stresu, stu obaw itp nie spa\u0142am od 3 do 6 nad ranem. Bublowata troch\u0119 ta trema, jak \u017cycie jednego z bohater\u00f3w spektaklu. Ale nie zawsze mo\u017cemy panowa\u0107 nad \u017cyciem, a co dopiero nad trem\u0105?<\/p>\n<p>Pisz\u0119 za\u015b to wszystko po to, by oznajmi\u0107, \u017ce bilety na premier\u0119 zosta\u0142y wyprzedane. Zosta\u0142o za\u015b kilka bilet\u00f3w na prapremier\u0119 na <strong>20 grudnia na g. 18:00<\/strong>. Je\u015bli wi\u0119c kto\u015b z czytelnik\u00f3w jest z Chorzowa, Katowic lub okolic &#8211; zapraszam w imieniu swoim, Ulubionego, czyli <strong><a href=\"http:\/\/zmuszynski.eu\/\" target=\"_blank\">Zacharjasza Muszy\u0144skiego<\/a><\/strong> oraz partneruj\u0105cego mu na scenie <strong><a href=\"http:\/\/januszlesniewski.com.pl\/\" target=\"_blank\">Janusza Le\u015bniewskiego<\/a><\/strong>.<br \/>\nSzczeg\u00f3\u0142y na stronie projektu: <strong><a href=\"http:\/\/bubloteka.com.pl\/\" target=\"_blank\">bubloteka.com.pl<\/a><\/strong><\/p>\n<p><img loading=\"lazy\" decoding=\"async\" class=\"aligncenter\" alt=\"\" src=\"https:\/\/lh3.googleusercontent.com\/-C1gu_3YhSJY\/VnFrbOZPTjI\/AAAAAAAAnVc\/tpluWDVrgR8\/s640-Ic42\/_DSC2798.jpg\" width=\"640\" height=\"495\" \/><\/p>\n","protected":false},"excerpt":{"rendered":"<p>Je\u015bli kto\u015b my\u015bli, \u017ce przed spektaklem trema z\u017cera tylko aktor\u00f3w jest w b\u0142\u0119dzie. Mnie te\u017c z\u017cera. Premiera mojej sztuki &#8222;Bubloteka&#8221; jest dzi\u015b. Jutro spektakl popremierowy. Wszystko w Teatrze Rozrywki w przyjaznym Chorzowie, w kt\u00f3rym o nasz \u017co\u0142\u0105dek dbaj\u0105 w\u0142a\u015bciciele lokalu &#8222;Metamorfoza&#8221; przy ul. Katowickiej. Przez&#8230;<\/p>\n<div class=\"easywp-readmore\"><a class=\"read-more-link\" href=\"http:\/\/blog.piekarska.com.pl\/?p=135837\">Czytaj dalej&#8230;<span class=\"easywp-sr-only\">  Bublowata trema<\/span><\/a><\/div>\n","protected":false},"author":1,"featured_media":0,"comment_status":"closed","ping_status":"open","sticky":false,"template":"","format":"standard","meta":{"_crdt_document":"","footnotes":""},"categories":[5,6],"tags":[185,215,520,597,811,1348,1531],"class_list":["post-135837","post","type-post","status-publish","format-standard","hentry","category-kultura","category-pisarstwo","tag-bubloteka","tag-chorzow","tag-janusz-lesniewski","tag-katowice","tag-metamorfoza","tag-teatr-rozrywki","tag-zacharjasz-muszynski","wpcat-5-id","wpcat-6-id"],"_links":{"self":[{"href":"http:\/\/blog.piekarska.com.pl\/index.php?rest_route=\/wp\/v2\/posts\/135837","targetHints":{"allow":["GET"]}}],"collection":[{"href":"http:\/\/blog.piekarska.com.pl\/index.php?rest_route=\/wp\/v2\/posts"}],"about":[{"href":"http:\/\/blog.piekarska.com.pl\/index.php?rest_route=\/wp\/v2\/types\/post"}],"author":[{"embeddable":true,"href":"http:\/\/blog.piekarska.com.pl\/index.php?rest_route=\/wp\/v2\/users\/1"}],"replies":[{"embeddable":true,"href":"http:\/\/blog.piekarska.com.pl\/index.php?rest_route=%2Fwp%2Fv2%2Fcomments&post=135837"}],"version-history":[{"count":0,"href":"http:\/\/blog.piekarska.com.pl\/index.php?rest_route=\/wp\/v2\/posts\/135837\/revisions"}],"wp:attachment":[{"href":"http:\/\/blog.piekarska.com.pl\/index.php?rest_route=%2Fwp%2Fv2%2Fmedia&parent=135837"}],"wp:term":[{"taxonomy":"category","embeddable":true,"href":"http:\/\/blog.piekarska.com.pl\/index.php?rest_route=%2Fwp%2Fv2%2Fcategories&post=135837"},{"taxonomy":"post_tag","embeddable":true,"href":"http:\/\/blog.piekarska.com.pl\/index.php?rest_route=%2Fwp%2Fv2%2Ftags&post=135837"}],"curies":[{"name":"wp","href":"https:\/\/api.w.org\/{rel}","templated":true}]}}