{"id":135819,"date":"2015-12-11T00:15:02","date_gmt":"2015-12-10T23:15:02","guid":{"rendered":"http:\/\/piekarska.blog.pl\/?p=135819"},"modified":"2015-12-11T00:15:02","modified_gmt":"2015-12-10T23:15:02","slug":"czy-lysina-to-cycek-czyli-dokad-zmierzasz-cenzuro","status":"publish","type":"post","link":"http:\/\/blog.piekarska.com.pl\/?p=135819","title":{"rendered":"Czy \u0142ysina to cycek, czyli dok\u0105d zmierzasz cenzuro?"},"content":{"rendered":"<p>To, \u017ce na Facebooku jest cenzura \u2013 wiadomo od dawna. Jak ka\u017cdy zakaz ma ona swoje dobre i z\u0142e strony. Dobre, bo chroni najm\u0142odszych u\u017cytkownik\u00f3w przed nieodpowiednimi tre\u015bciami. Z\u0142e, bo cenzura to jednak forma kaga\u0144ca na wolno\u015b\u0107 s\u0142owa. Prawdziwy problem pojawia si\u0119 jednak wtedy, kiedy cenzurowane jest co\u015b, co tak naprawd\u0119 nie jest ani gorsz\u0105ce, ani nieodpowiednie w swojej tre\u015bci. A dzieje si\u0119 tak dlatego, \u017ce rol\u0119 cenzora pe\u0142ni\u2026 jaki\u015b automat.<\/p>\n<p>Pami\u0119tam, jak wiele miesi\u0119cy temu z\u0142o\u015bci\u0142a si\u0119 jedna z moich znajomych. Zg\u0142asza\u0142a jak\u0105\u015b stron\u0119, \u017ce zawiera nieodpowiednie tre\u015bci. FB nie stwierdzi\u0142 tego. Trzeba by\u0142o wskazywa\u0107 mu to wielokrotnie, pisa\u0107 obszerne wyja\u015bnienia, \u017ce jest to jednak strona nieodpowiednia, gdy\u017c szerzy rasizm, nietolerancj\u0119 etc. Automat tego nie widzia\u0142, gdy\u017c szuka\u0142 brzydkich s\u0142\u00f3w, a nie zda\u0144 z kontekstem i podtekstem. Dzi\u015b z\u0142o\u015bci\u0142am si\u0119 ja. Pow\u00f3d? Cenzura na zdj\u0119cia!<\/p>\n<p>19-go na scenie Teatru Rozrywki b\u0119dzie mia\u0142a miejsce premiera mojej sztuki pt. \u201eBubloteka\u201d. O czym? Zacytuj\u0119 materia\u0142 prasowy.<\/p>\n<p><img loading=\"lazy\" decoding=\"async\" class=\"aligncenter\" alt=\"\" src=\"http:\/\/bubloteka.com.pl\/wp-content\/uploads\/2015\/11\/plakat-bublo.jpg\" width=\"1890\" height=\"2658\" \/><\/p>\n<p><em>Rzecz dzieje si\u0119 w ma\u0142ej, warszawskiej, osiedlowej bibliotece. Bibliotekarzem jest tu Piotr, kt\u00f3ry by ratowa\u0107 swoje ma\u0142\u017ce\u0144stwo decyduje si\u0119 schowa\u0107 za biurkiem w\u015br\u00f3d rega\u0142\u00f3w ksi\u0105\u017cek. Kim jest naprawd\u0119?<\/em><br \/>\n<em> Pewnego dnia do biblioteki przychodzi Andrzej\u2026 Niby zwyk\u0142y czytelnik, niby taks\u00f3wkarz, niby pisarz-amator. Ale czy rzeczywi\u015bcie? Po co tak naprawd\u0119 tu przyszed\u0142?<\/em><br \/>\n<em> \u201eBubloteka\u201d to opowie\u015b\u0107 o kulturze i popkulturze, o ksi\u0105\u017ckach, \u017cyciu, mi\u0142o\u015bci oraz ch\u0119ci bycia popularnym i s\u0142awnym za wszelk\u0105 cen\u0119. Czy \u017cycie wsp\u00f3\u0142czesnych gwiazd to bubel? Czym jest \u017cycie przeci\u0119tnego cz\u0142owieka obcuj\u0105cego z popkultur\u0105? I co ma do tego literatura?<br \/>\n<\/em><em>\u201eNapisa\u0142am ten tekst, bo nie zgadzam si\u0119 z pr\u00f3bami wm\u00f3wienia nam, \u017ce tylko rzeczy, kt\u00f3re podobaj\u0105 si\u0119 masowo s\u0105 warto\u015bciowe. Nikt mnie nie przekona, \u017ce skoro wi\u0119cej ludzi s\u0142ucha disco polo ni\u017c Ludwiga van Beethovena\u00a0to ten Ludwig van Beethoven jest mniej warto\u015bciowy artystycznie. To samo tyczy literatury, a tak\u017ce filmu i pozosta\u0142ych\u00a0dziedzin sztuki. \u015awiat tzw. \u201elajk\u00f3w na fejsie\u201d powoduje, \u017ce ulegamy iluzji, \u017ce wielko\u015b\u0107 i jako\u015b\u0107 s\u0105\u00a0to\u017csame z popularno\u015bci\u0105. Przez to dajemy sobie wciska\u0107 buble, a potem wiedziemy bublowate \u017cycie pod dyktando tych bubli. Chcia\u0142am wzbudzi\u0107 w ludziach refleksj\u0119 na ten temat. \u201eBubloteka\u201d to\u00a0taki bublowaty \u201e\u015bmiech przez \u0142zy\u201d z nas samych i otaczaj\u0105cego nas \u015bwiata.\u201d<\/em>\u00a0\u2013 Ma\u0142gorzata Karolina Piekarska<br \/>\nPiotr Z. &#8211; Zacharjasz Muszy\u0144ski<br \/>\nAndrzej S. &#8211; Janusz Le\u015bniewski<br \/>\n<em>\u201ePiotr to aktor celebryta, kt\u00f3ry dosta\u0142 drug\u0105 szans\u0119 na popraw\u0119 swego \u017cycia. Chce on je zmieni\u0107 na lepsze.\u00a0Ale\u2026\u00a0co b\u0119dzie dalej? Czy mu si\u0119 to uda? Jak si\u0119 do\u015bc szybko okazuje los mu nie sprzyja. Piotra zaw\u00f3d poniek\u0105d zmusza go do takiego bublowatego\u00a0zachowania. Sztuka jest te\u017c opowie\u015bci\u0105 o dw\u00f3ch \u015bwiatach. Obecnym i tym, kt\u00f3ry przemin\u0105\u0142. Co to jest popularno\u015b\u0107 dzi\u015b, a czym by\u0142a ona kiedy\u015b?\u201d<\/em>\u00a0\u2013 Zacharjasz Muszy\u0144ski<br \/>\n<em>\u201e\u015awiat opanowa\u0142a bylejako\u015b\u0107. Ludzie zaczynaj\u0105 wchodzi\u0107 w \u015bwiat celebryt\u00f3w, magii telewizji. Zaczynaj\u0105 sie uto\u017csamia\u0107 z celebrytami. Andrzej, kt\u00f3rego gram, jest cz\u0142owiekiem starej daty. Czyta\u0142 Ernesta Hemingwaya i Oskara Wilde\u2019a. Dzi\u015b rzadko kto\u015b si\u0119ga po t\u0119 literatur\u0119. Andrzej chce zrozumie\u0107 co si\u0119 sta\u0142o ze swiatem i rzeczywisto\u015bci\u0105, w kt\u00f3rej przysz\u0142o mu teraz funkcjonowa\u0107. Czemu\u00a0ludzie szukaj\u0105 sensacji i niesamowitych wra\u017ce\u0144, by si\u0119 podbudowa\u0107? \u201eBubloteka\u201d to pr\u00f3ba odpowiedzi na te pytania.\u201d<\/em>\u00a0\u2013 Janusz Le\u015bniewski.<\/p>\n<p>Spektakl w Teatrze Rozrywki b\u0119dzie grany tylko dwa razy. Czy trafi potem do innego teatru? Bardzo bym chcia\u0142a. Dlatego postanowi\u0142am rozreklamowa\u0107 go na FB. Stworzy\u0142am w tym celu reklam\u0119 i\u2026 dosta\u0142am maila, \u017ce \u201enie zosta\u0142a zatwierdzona, gdy\u017c nie spe\u0142nia zasad\u201d. Postanowi\u0142am sprawdzi\u0107, co to za zasady. Prze\u017cy\u0142am szok. Zasady z\u0142ama\u0142am zdj\u0119ciem. Mi\u0119dzy innymi tym.<\/p>\n<p><img loading=\"lazy\" decoding=\"async\" class=\"aligncenter\" alt=\"\" src=\"http:\/\/bubloteka.com.pl\/wp-content\/uploads\/2015\/12\/DSC_1259.jpg\" width=\"3872\" height=\"2592\" \/><\/p>\n<p>Ot\u00f3\u017c okaza\u0142o si\u0119, \u017ce zdaniem FB to zdj\u0119cie ukazuje\u2026 nago\u015b\u0107. Hm\u2026 widzia\u0142am na FB wiele nago\u015bci, kt\u00f3rej ten portal nie cenzurowa\u0142. Przyznam, \u017ce zszokowa\u0142o mnie wi\u0119c to, \u017ce raptem nago\u015bci\u0105 dla FB jest zdj\u0119cie dw\u00f3ch facet\u00f3w w bibliotece! Zg\u0142asza\u0142am kilka razy pomy\u0142k\u0119, podmienia\u0142am zdj\u0119cie na inne (na ka\u017cdym faceci s\u0105 w bibliotece) i za ka\u017cdym razem uznawano, \u017ce prezentuje ono nieodpowiedni\u0105 nago\u015b\u0107. Machn\u0119\u0142am r\u0119k\u0105. Zosta\u0142am przy plakacie. Zada\u0142am rzecz jasna pytanie, czy FB nie przesadza? Odpowied\u017a przysz\u0142a nast\u0119pnego dnia. Jednak akceptuj\u0105 zdj\u0119cia. Mnie jednak ju\u017c na tym przesta\u0142o zale\u017ce\u0107. Wystarczy plakat. I tak my\u015bl\u0119, \u017ce zapewne zdj\u0119cia zatwierdza\u0142 najpierw jaki\u015b system. Nie wiem tylko co na nich widzia\u0142 zamiast tego, co rzeczywi\u015bcie na nich jest. Co by\u0142o w jego poj\u0119ciu t\u0105 nago\u015bci\u0105? Czy \u017c\u00f3\u0142t\u0105 koszul\u0119 wzi\u0105\u0142 za go\u0142e cia\u0142o? Czy \u0142ys\u0105 g\u0142ow\u0119 za go\u0142y cycek? Na to mi nie odpowiedziano.<\/p>\n<p>Najg\u0142upsze, \u017ce opowiada\u0142am to przyjaci\u00f3\u0142ce, a ona na to: a mo\u017ce zakwestionowano, \u017ce siedzi dw\u00f3ch facet\u00f3w. Przecie\u017c wiesz, \u017ce dzi\u015b s\u0105 takie czasy, \u017ce Jak s\u0105 gdzie\u015b razem dwaj faceci, to od razu jest sugestia, \u017ce geje.<\/p>\n","protected":false},"excerpt":{"rendered":"<p>To, \u017ce na Facebooku jest cenzura \u2013 wiadomo od dawna. Jak ka\u017cdy zakaz ma ona swoje dobre i z\u0142e strony. Dobre, bo chroni najm\u0142odszych u\u017cytkownik\u00f3w przed nieodpowiednimi tre\u015bciami. Z\u0142e, bo cenzura to jednak forma kaga\u0144ca na wolno\u015b\u0107 s\u0142owa. Prawdziwy problem pojawia si\u0119 jednak wtedy, kiedy&#8230;<\/p>\n<div class=\"easywp-readmore\"><a class=\"read-more-link\" href=\"http:\/\/blog.piekarska.com.pl\/?p=135819\">Czytaj dalej&#8230;<span class=\"easywp-sr-only\">  Czy \u0142ysina to cycek, czyli dok\u0105d zmierzasz cenzuro?<\/span><\/a><\/div>\n","protected":false},"author":1,"featured_media":0,"comment_status":"closed","ping_status":"open","sticky":false,"template":"","format":"standard","meta":{"_crdt_document":"","footnotes":""},"categories":[5,6],"tags":[77,185,203,348,520,1233,1343,1348,1531],"class_list":["post-135819","post","type-post","status-publish","format-standard","hentry","category-kultura","category-pisarstwo","tag-anegdoty","tag-bubloteka","tag-cenzura","tag-facebook","tag-janusz-lesniewski","tag-spektakl","tag-teatr","tag-teatr-rozrywki","tag-zacharjasz-muszynski","wpcat-5-id","wpcat-6-id"],"_links":{"self":[{"href":"http:\/\/blog.piekarska.com.pl\/index.php?rest_route=\/wp\/v2\/posts\/135819","targetHints":{"allow":["GET"]}}],"collection":[{"href":"http:\/\/blog.piekarska.com.pl\/index.php?rest_route=\/wp\/v2\/posts"}],"about":[{"href":"http:\/\/blog.piekarska.com.pl\/index.php?rest_route=\/wp\/v2\/types\/post"}],"author":[{"embeddable":true,"href":"http:\/\/blog.piekarska.com.pl\/index.php?rest_route=\/wp\/v2\/users\/1"}],"replies":[{"embeddable":true,"href":"http:\/\/blog.piekarska.com.pl\/index.php?rest_route=%2Fwp%2Fv2%2Fcomments&post=135819"}],"version-history":[{"count":0,"href":"http:\/\/blog.piekarska.com.pl\/index.php?rest_route=\/wp\/v2\/posts\/135819\/revisions"}],"wp:attachment":[{"href":"http:\/\/blog.piekarska.com.pl\/index.php?rest_route=%2Fwp%2Fv2%2Fmedia&parent=135819"}],"wp:term":[{"taxonomy":"category","embeddable":true,"href":"http:\/\/blog.piekarska.com.pl\/index.php?rest_route=%2Fwp%2Fv2%2Fcategories&post=135819"},{"taxonomy":"post_tag","embeddable":true,"href":"http:\/\/blog.piekarska.com.pl\/index.php?rest_route=%2Fwp%2Fv2%2Ftags&post=135819"}],"curies":[{"name":"wp","href":"https:\/\/api.w.org\/{rel}","templated":true}]}}