{"id":135349,"date":"2015-07-04T14:06:49","date_gmt":"2015-07-04T13:06:49","guid":{"rendered":"http:\/\/piekarska.blog.pl\/?p=135349"},"modified":"2015-07-04T14:06:49","modified_gmt":"2015-07-04T13:06:49","slug":"w-rozdarciu-pomiedzy-zawodami","status":"publish","type":"post","link":"http:\/\/blog.piekarska.com.pl\/?p=135349","title":{"rendered":"W rozdarciu pomi\u0119dzy zawodami"},"content":{"rendered":"<p><span style=\"line-height: 1.5\">Od wielu miesi\u0119cy \u017cyj\u0119 w rozdarciu mi\u0119dzy zawodami. Rozdarciu wynikaj\u0105cym z malusie\u0144kich telewizyjnych zarobk\u00f3w, spowodowanych niemi\u0142\u0105 atmosfer\u0105 w stacji. Nie mam motywacji do cz\u0119stszego przychodzenia. Podprogowo wysy\u0142ana przez niekt\u00f3re kole\u017canki i koleg\u00f3w informacja, \u017ce zabieram im chleb, bo skoro mog\u0119 zarobi\u0107 gdzie indziej, to nie musz\u0119 pracowa\u0107 tu, nie zach\u0119ca do anga\u017cowania si\u0119. Dodatkowo dochodz\u0105 r\u00f3\u017cne prace spo\u0142eczne, kt\u00f3re wykonuj\u0119, a kt\u00f3rych mi naprawd\u0119 nie brak. Plus siedzenie nad ksi\u0105\u017ck\u0105. Zarabia\u0107 trzeba gdzie indziej. Gdzie? Staram si\u0119 gdzie mog\u0119. Pisz\u0119 tu i tam i tak dalej. A poniewa\u017c ostatnio proporcje zarobk\u00f3w dziennikarskich i pisarskich niebezpiecznie przechylaj\u0105 si\u0119 na korzy\u015b\u0107 pisarskich, co nie jest trudne, gdy\u017c w maju w TVP zarobi\u0142am 226,20 PLN (s\u0142ownie: dwie\u015bcie dwadzie\u015bcia sze\u015b\u0107 z\u0142otych i dwadzie\u015bcia groszy), wi\u0119c\u2026 ca\u0142y czas waham si\u0119. Odej\u015b\u0107 z TVP? Wspomnian\u0105 wy\u017cej kwot\u0119 poda\u0142am do wiadomo\u015bci publicznej, jako osoba b\u0119d\u0105ca za jawno\u015bci\u0105 zarobk\u00f3w. Jednak mimo tej mizeroty sp\u0142ywaj\u0105cej z Telewizji w kiesze\u0144, ca\u0142y czas \u017cal mi odchodzi\u0107 z redakcji. Lubi\u0119 sw\u00f3j macierzysty program, gdy\u017c uwa\u017cam, \u017ce \u201eTelewizyjny Kurier Warszawski\u201d, jako jeden z nielicznych program\u00f3w informacyjnych m\u00f3wi o tym, co jest naprawd\u0119 wa\u017cne dla przeci\u0119tnego cz\u0142owieka nieinteresuj\u0105cego si\u0119 polityk\u0105, niezaanga\u017cowanego w ni\u0105, a \u017cyj\u0105cego w moim ukochanym mie\u015bcie. Tkwi\u0119 tu, bo interesuje mnie moje miasto. W ko\u0144cu jestem varsavianistk\u0105. To u nas na antenie s\u0105 informacje o historii miasta, ciekawostkach, ale te\u017c wa\u017cnych sprawach z codziennego \u017cycia: korkach, zmianach na trasach, utrudnieniach, a tak\u017ce imprezach organizowanych w stolicy dla Warszawiak\u00f3w. Dzi\u015b pojecha\u0142am z kamer\u0105 na jedn\u0105 z takich imprez. Bieg im. Stanis\u0142awa Tyma. Bohater mia\u0142 pojawi\u0107 si\u0119 o 11:30. Ja do 11:30 mia\u0142am kamer\u0119, ale ub\u0142aga\u0142am o przed\u0142u\u017cenie, bo jak tu nie pokaza\u0107 bohatera, kt\u00f3ry 35 lat temu, jako Ryszard Och\u00f3dzki z filmu Mi\u015b wbieg\u0142 na 30 pi\u0119tro Pa\u0142acu Kultury na piechot\u0119, gdy\u017c tam \u201epan mia\u0142 relaks\u201d.\u00a0 Bohater sp\u00f3\u017ani\u0142 si\u0119 p\u00f3\u0142 godziny. Gdy przysz\u0142o do rozm\u00f3w z dziennikarzami spyta\u0142 z jakich jeste\u015bmy stacji, bo nie z ka\u017cdym rozmawia. Zanuci\u0142am weso\u0142o fragment naszej czo\u0142\u00f3wki: \u201eTelewizyjny Kurier Warszaw\u2026\u201d, kt\u00f3ra zawsze roz\u0142adowywa\u0142a atmosfer\u0119 i w odpowiedzi rozm\u00f3wca obla\u0142 mnie kub\u0142em zimnej wody. Us\u0142ysza\u0142am mianowicie, \u017ce on zna tych naszych prezes\u00f3w itd. i ju\u017c mi dzi\u0119kuje. Ja prezes\u00f3w nie znam. Nie rozmawia\u0142am twarz\u0105 w twarz nigdy z \u017cadnym z prezes\u00f3w TVP. Paradoksalnie Stanis\u0142aw Tym jest cz\u0142onkiem oddzia\u0142u Warszawskiego Stowarzyszenia Pisarzy Polskich, kt\u00f3remu z kolei ja od listopada prezesuj\u0119. Nie zna mnie, bo tam nie bywa, a ja nie jestem rozpoznawalna, bo si\u0119 nie pcham, zreszt\u0105 nie wiem nawet gdzie mia\u0142abym si\u0119 z tym pcha\u0107. Przy tej okazji przedstawi\u0142am mu si\u0119, nawet doda\u0142am co\u015b o stowarzyszeniu, chc\u0105c w swojej g\u0142upocie i bezdennej naiwno\u015bci, zyska\u0107 przychylno\u015b\u0107 rozm\u00f3wcy, ale on us\u0142ysza\u0142 jedynie moje dwa imiona i skupiwszy si\u0119 na nich, przedstawi\u0142 jako Stanis\u0142aw Aleksander chc\u0105c tym samym, jak zrozumia\u0142am, pokaza\u0107 moj\u0105 \u015bmieszno\u015b\u0107, ma\u0142o\u015b\u0107, g\u0142upot\u0119 czy co\u015b tam jeszcze. Przyznam, \u017ce spotyka\u0142am si\u0119 ju\u017c z tym, bo niewiele os\u00f3b rozumie, \u017ce mam naprawd\u0119 dwa imiona, poniewa\u017c dla ponad po\u0142owy rodziny nie jestem Ma\u0142gosi\u0105 tylko od zawsze Karolci\u0105. Zachowanie Stanis\u0142awa Tyma sprawi\u0142o mi po ludzku przykro\u015b\u0107, ale te\u017c pomy\u015bla\u0142am, \u017ce wszystko by\u0142o troch\u0119 jednak niegrzeczne i co tu kry\u0107 &#8211; bufonowate. Nie wiedzia\u0142am jak si\u0119 zachowa\u0107. Przez ostatnie tygodnie pracy nad ksi\u0105\u017ck\u0105, sztuk\u0105, spotka\u0144 autorskich i tym podobnych odwyk\u0142am od takich sytuacji. Z opresji wybawi\u0142 mnie operator, kt\u00f3remu po prostu i najzwyczajniej w \u015bwiecie pad\u0142a bateria. Wr\u00f3ci\u0142am do redakcji bez nagranej wypowiedzi Stanis\u0142awa Tyma.<\/span><\/p>\n<figure style=\"width: 640px\" class=\"wp-caption aligncenter\"><img loading=\"lazy\" decoding=\"async\" alt=\"\" src=\"https:\/\/lh3.googleusercontent.com\/-hetU1QI1hQ4\/VZj7vOfmElI\/AAAAAAAAh5Y\/h0zG-fwLNZM\/s640\/relaks0.jpg\" width=\"640\" height=\"640\" \/><figcaption class=\"wp-caption-text\">Mam relaks&#8230; czekam&#8230;<\/figcaption><\/figure>\n<p>Jako Ma\u0142gorzata Karolina, jako pisarka, nie czuj\u0119 si\u0119 obra\u017cona. Zreszt\u0105 jako cz\u0142owieka trudno mnie obrazi\u0107. Natomiast jest mi przykro jako dziennikarce. Nie pracuj\u0119 tu gdzie pracuj\u0119 dlatego, \u017ce musz\u0119. Chyba ka\u017cdy z czytelnik\u00f3w przyzna, \u017ce 226 (s\u0142ownie: dwie\u015bcie dwadzie\u015bcia sze\u015b\u0107) z\u0142otych nie jest motywuj\u0105ce. Pracuj\u0119, bo lubi\u0119 t\u0119 redakcj\u0119 i ten program. Uwa\u017cam, \u017ce zapracowa\u0142 on na szacunek, a jego reporterzy nigdy nie zas\u0142u\u017cyli sobie na pogardliwe i pretensjonalne traktowanie. A pisz\u0119 o tym, bo przez prawie 20 lat pracy dla \u201eTelewizyjnego Kuriera Warszawskiego\u201d pierwszy raz kto\u015b mi da\u0142 do zrozumienia, \u017ce nie chce ze mn\u0105 rozmawia\u0107. Dla kamery mojego programu otwiera\u0142y si\u0119 zawsze drzwi. Nawet te mocno zatrza\u015bni\u0119te dla \u201eWiadomo\u015bci\u201d, czy \u201ePanoramy\u201d. Rozm\u00f3wcy wiedzieli, \u017ce to program miejski i bez polityki. I przykro mi, \u017ce nie zauwa\u017cy\u0142 tego m\u00f3j b\u0105d\u017a co b\u0105d\u017a \u201ekolega po pi\u00f3rze\u201d. Abstrahuj\u0105c od pogl\u0105d\u00f3w na temat prezes\u00f3w, polityki i tym podobnych, uwa\u017cam, \u017ce gdy kto\u015b decyduje si\u0119 wzi\u0105\u0107 udzia\u0142 w takiej imprezie i firmowa\u0107 j\u0105 swoim nazwiskiem, to chyba zdaje sobie spraw\u0119, \u017ce przyjd\u0105 na ni\u0105 r\u00f3\u017cne media. Organizatorom zale\u017cy na jej nag\u0142a\u015bnianiu. Widzia\u0142am jak po tej wymianie zda\u0144 by\u0142o im przykro. Cho\u0107 bohater kultowego \u201eMisia\u201d udzieli\u0142 potem wywiadu wszystkim. Poza mn\u0105, ale c\u00f3\u017c\u2026 bateria naprawd\u0119 pad\u0142a, a ja nie wiem, czy nie by\u0142 to przys\u0142owiowy \u201ePalec Bo\u017cy\u201d. Rozumiem, \u017ce Stanis\u0142aw Tym musia\u0142 najpierw publicznie co\u015b zamanifestowa\u0107. Szkoda, \u017ce pad\u0142am ofiar\u0105 tej manifestacji, ale przecie\u017c \u00a0sama si\u0119 wyrwa\u0142am ze swoim weso\u0142ym: \u201eTelewizyjny Kurier Warszaw\u2026\u201d Mog\u0142am milcze\u0107 jak pozostali, kt\u00f3rzy na pro\u015bb\u0119 o przedstawienie si\u0119 nie odezwali nawet s\u0142owem lub zrobili to bardzo cicho.<\/p>\n<p>Moje \u017cycie w rozdarciu pomi\u0119dzy zawodami jeszcze pewnie troch\u0119 potrwa. Chyba, \u017ce kto\u015b mnie wyrzuci z TVP, np. za ujawnienie telewizyjnych zarobk\u00f3w w kwocie 226 z\u0142otych. Ale teraz do rozmy\u015bla\u0144, czy warto si\u0119 po\u015bwi\u0119ca\u0107 dla marnych groszy, dojdzie my\u015blenie, czy warto po\u015bwi\u0119ca\u0107 si\u0119 dla prze\u017cywania takich rozczarowa\u0144 lud\u017ami, kt\u00f3rych si\u0119 kiedy\u015b podziwia\u0142o i mia\u0142o za sympatycznych. Na razie jeszcze takie traktowanie dziennikarzy wyzwala we mnie ch\u0119\u0107 powiedzenia \u015bwiatu i wszystkim innym Stanis\u0142awom Tymom: \u201eCo wy wiecie o kurierze?\u201d. Ale co przyniesie jutro?<\/p>\n<p>Nie lubi\u0119 stacji TVN za mia\u0142k\u0105 ofert\u0119 programow\u0105 i obni\u017canie poziomu intelektualnego spo\u0142ecze\u0144stwa (o czym kilkakrotnie pisa\u0142am), ale nigdy w \u017cyciu nie zachowa\u0142abym si\u0119 tak w stosunku do \u017cadnego jej dziennikarza. I je\u015bli ktokolwiek, kiedykolwiek spotka si\u0119 z takim zachowaniem z mojej strony \u2013 niech zastrzeli. Bez lito\u015bci. Pisa\u0142am kiedy\u015b, \u017ce wol\u0119 by\u0107 martwa ni\u017c \u015bmieszna. Wol\u0119 te\u017c by\u0107 martwa ni\u017c jak Stanis\u0142aw Tym, taka\u2026 No w\u0142a\u015bnie. Jaka?<\/p>\n","protected":false},"excerpt":{"rendered":"<p>Pracuj\u0119, bo lubi\u0119 t\u0119 redakcj\u0119 i ten program. Uwa\u017cam, \u017ce zapracowa\u0142 on na szacunek, a jego reporterzy nigdy nie zas\u0142u\u017cyli sobie na pogardliwe i pretensjonalne traktowanie. A pisz\u0119 o tym, bo przez prawie 20 lat pracy dla \u201eTelewizyjnego Kuriera Warszawskiego\u201d pierwszy raz kto\u015b mi da\u0142 do zrozumienia, \u017ce nie chce ze mn\u0105 rozmawia\u0107. <\/p>\n","protected":false},"author":1,"featured_media":0,"comment_status":"closed","ping_status":"open","sticky":false,"template":"","format":"standard","meta":{"_crdt_document":"","footnotes":""},"categories":[4,5,6],"tags":[156,695,841,986,1014,1023,1256],"class_list":["post-135349","post","type-post","status-publish","format-standard","hentry","category-dziennikarstwo","category-kultura","category-pisarstwo","tag-bieg-im-stanislawa-tyma","tag-kultura-2","tag-mis","tag-palac-kultury-i-nauki","tag-pisarstwo-2","tag-pkin","tag-stanislaw-tym","wpcat-4-id","wpcat-5-id","wpcat-6-id"],"_links":{"self":[{"href":"http:\/\/blog.piekarska.com.pl\/index.php?rest_route=\/wp\/v2\/posts\/135349","targetHints":{"allow":["GET"]}}],"collection":[{"href":"http:\/\/blog.piekarska.com.pl\/index.php?rest_route=\/wp\/v2\/posts"}],"about":[{"href":"http:\/\/blog.piekarska.com.pl\/index.php?rest_route=\/wp\/v2\/types\/post"}],"author":[{"embeddable":true,"href":"http:\/\/blog.piekarska.com.pl\/index.php?rest_route=\/wp\/v2\/users\/1"}],"replies":[{"embeddable":true,"href":"http:\/\/blog.piekarska.com.pl\/index.php?rest_route=%2Fwp%2Fv2%2Fcomments&post=135349"}],"version-history":[{"count":0,"href":"http:\/\/blog.piekarska.com.pl\/index.php?rest_route=\/wp\/v2\/posts\/135349\/revisions"}],"wp:attachment":[{"href":"http:\/\/blog.piekarska.com.pl\/index.php?rest_route=%2Fwp%2Fv2%2Fmedia&parent=135349"}],"wp:term":[{"taxonomy":"category","embeddable":true,"href":"http:\/\/blog.piekarska.com.pl\/index.php?rest_route=%2Fwp%2Fv2%2Fcategories&post=135349"},{"taxonomy":"post_tag","embeddable":true,"href":"http:\/\/blog.piekarska.com.pl\/index.php?rest_route=%2Fwp%2Fv2%2Ftags&post=135349"}],"curies":[{"name":"wp","href":"https:\/\/api.w.org\/{rel}","templated":true}]}}