{"id":135274,"date":"2015-05-02T08:09:47","date_gmt":"2015-05-02T07:09:47","guid":{"rendered":"http:\/\/piekarska.blog.pl\/?p=135274"},"modified":"2015-05-02T08:09:47","modified_gmt":"2015-05-02T07:09:47","slug":"po-premierze-czyli-zapraszam-na-targi","status":"publish","type":"post","link":"http:\/\/blog.piekarska.com.pl\/?p=135274","title":{"rendered":"Po premierze, czyli zapraszam na targi"},"content":{"rendered":"<p>We wtorek w Domu Literatury odby\u0142a si\u0119 uroczysta premiera mojej najnowszej ksi\u0105\u017cki \u201eCzucie i Wiara\u201d, czyli warszawskie duchy. Spotkanie prowadzi\u0142a Mi\u0142ka Skalska, a fragmenty czyta\u0142 Tomasz Sobczak. To ta ksi\u0105\u017cka, kt\u00f3r\u0105 pisa\u0142am w ubieg\u0142ym roku, bo to na ni\u0105 dosta\u0142am stypendium artystyczne Ministerstwa Kultury i Dziedzictwa Narodowego.<\/p>\n<p><img loading=\"lazy\" decoding=\"async\" class=\"aligncenter\" alt=\"\" src=\"http:\/\/czucieiwiara.pl\/wp-content\/uploads\/2015\/04\/23.jpg\" width=\"2048\" height=\"1366\" \/><\/p>\n<p>&nbsp;<\/p>\n<p><img loading=\"lazy\" decoding=\"async\" class=\"aligncenter\" alt=\"\" src=\"http:\/\/czucieiwiara.pl\/wp-content\/uploads\/2015\/04\/11.jpg\" width=\"2048\" height=\"1366\" \/><\/p>\n<p>A wszystko zacz\u0119\u0142o si\u0119 od mojego opowiadania \u201eTajemnica przystanku tramwajowego\u201d napisanego w prezencie dla nie\u017cyj\u0105cego ju\u017c dzi\u015b Tomasza Zygad\u0142y. Opowiadanie, zamieszczone po jego \u015bmierci tu na blogu, przyci\u0105gn\u0119\u0142o czytelnik\u00f3w. Wi\u0119kszo\u015b\u0107 z nich uwierzy\u0142a, \u017ce to wszystko prawda, bo\u2026 skoro Pawe\u0142 Biedziak bra\u0142 udzia\u0142 w \u015bledztwie, to taki tramwaj widmo musia\u0142 istnie\u0107. Ta wiara w fikcj\u0119 sprawi\u0142a, \u017ce zapragn\u0119\u0142am napisa\u0107 wi\u0119cej ni\u017c jedno warszawskie opowiadanie z duchami. I tak powsta\u0142 najpierw pomys\u0142, a potem\u2026 ca\u0142a ksi\u0105\u017cka zatytu\u0142owana \u201eCzucie i Wiara\u201d, czyli warszawskie duchy wydana przez wydawnictwo LTW. Tu\u017c po premierze ksi\u0105\u017cki obecny na niej Pawe\u0142 Biedziak napisa\u0142 do mnie:<\/p>\n<p>\u201e<em>Bardzo dzi\u0119kuj\u0119 za wczorajsze spotkanie. Jakubowicza spotka\u0142em kiedy\u015b na\u2026 przystanku tramwajowym w Jerozolimie. Mo\u017ce dojecha\u0142 tam z Warszawy? Musia\u0142 ucieka\u0107 z Polski, bo chcieli zrzuci\u0107 na niego win\u0119 za zab\u00f3jstwo Ma\u0144ki Penconek. Zd\u0105\u017cy\u0142. Omin\u0119\u0142y go nie tylko fa\u0142szywe oskar\u017cenia. By\u0142 smutny. M\u00f3wi\u0142 mi, \u017ce t\u0119skni za Warszaw\u0105. Za Ch\u0142odn\u0105 i za Wysockiego. Jakubowicz okaza\u0142 si\u0119 niewinny. Pracuj\u0119 nad rozwi\u0105zaniem zagadki.<\/em><br \/>\n<em>Pawe\u0142 Biedziak\u201d<\/em><\/p>\n<p><img loading=\"lazy\" decoding=\"async\" class=\"aligncenter\" alt=\"\" src=\"http:\/\/czucieiwiara.pl\/wp-content\/uploads\/2015\/03\/piekarska1a-2-212x300.jpg\" width=\"212\" height=\"300\" \/>To, \u017ce \u017cyj\u0105cy bohater wszed\u0142 w histori\u0119 jest najwy\u017csz\u0105 dla mnie nagrod\u0105. Zreszt\u0105\u2026 nie jeden Pawe\u0142 Biedziak tak zrobi\u0142. Bohaterem rozdzia\u0142u o Pradze P\u00f3\u0142noc jest m.in. warszawski przewodnik Mieczys\u0142aw Janiszewski, kt\u00f3ry po premierze zadzwoni\u0142 i powiedzia\u0142, \u017ce\u2026 nazywa si\u0119 \u201edzi\u0119kowalski\u201d. Dzi\u0119kowali te\u017c inni, cho\u0107 wielu nie przyby\u0142o na spotkanie. Wszystkich czytelnik\u00f3w ciekawych ksi\u0105\u017cki zapraszam do internetowych ksi\u0119gar\u0144 lub do sieci ksi\u0119gar\u0144 Matras, a spotka\u0107 si\u0119 ze mn\u0105 osobi\u015bcie i porozmawia\u0107 o ksi\u0105\u017cce b\u0119dzie mo\u017cna na tegorocznych Warszawskich Targach Ksi\u0105\u017cki na Stadionie Narodowym. Zapraszam.<\/p>\n<p><strong>16 maja w g. 13:00-14:00<br \/>\n<\/strong>stoisko (40\/BC) Stowarzyszenia Pisarzy Polskich<\/p>\n<p><span style=\"line-height: 1.5\"><strong>16 maja w g. 15:00-17:00<\/strong><br \/>\n<\/span>stoisko (136\/D19) wydawnictwa LTW<\/p>\n<p><strong>17 maja w g. 10:00-11:30<\/strong><br \/>\nstoisko (136\/D19) wydawnictwa LTW<\/p>\n","protected":false},"excerpt":{"rendered":"<p>We wtorek w Domu Literatury odby\u0142a si\u0119 uroczysta premiera mojej najnowszej ksi\u0105\u017cki \u201eCzucie i Wiara\u201d, czyli warszawskie duchy. Spotkanie prowadzi\u0142a Mi\u0142ka Skalska, a fragmenty czyta\u0142 Tomasz Sobczak. To ta ksi\u0105\u017cka, kt\u00f3r\u0105 pisa\u0142am w ubieg\u0142ym roku, bo to na ni\u0105 dosta\u0142am stypendium artystyczne Ministerstwa Kultury i&#8230;<\/p>\n<div class=\"easywp-readmore\"><a class=\"read-more-link\" href=\"http:\/\/blog.piekarska.com.pl\/?p=135274\">Czytaj dalej&#8230;<span class=\"easywp-sr-only\">  Po premierze, czyli zapraszam na targi<\/span><\/a><\/div>\n","protected":false},"author":1,"featured_media":0,"comment_status":"closed","ping_status":"open","sticky":false,"template":"","format":"standard","meta":{"_crdt_document":"","footnotes":""},"categories":[5,6],"tags":[253,276,283,684,821,843,978,1094,1101,1333,1336,1367,1369,1428,1430,1509],"class_list":["post-135274","post","type-post","status-publish","format-standard","hentry","category-kultura","category-pisarstwo","tag-czucie-i-wiara","tag-dobromila-skalska","tag-dom-literatury","tag-ksiazka","tag-mieczyslaw-janiszewski","tag-milka-sklaska","tag-pawel-biedziak","tag-premiera","tag-promocja","tag-tajemnica-przystanku-tramwajowego","tag-targi-ksiazki","tag-tomasz-sobczak","tag-tomasz-zygadlo","tag-warszawa","tag-warszawskie-targi-ksiazki","tag-wydawnictwo-ltw","wpcat-5-id","wpcat-6-id"],"_links":{"self":[{"href":"http:\/\/blog.piekarska.com.pl\/index.php?rest_route=\/wp\/v2\/posts\/135274","targetHints":{"allow":["GET"]}}],"collection":[{"href":"http:\/\/blog.piekarska.com.pl\/index.php?rest_route=\/wp\/v2\/posts"}],"about":[{"href":"http:\/\/blog.piekarska.com.pl\/index.php?rest_route=\/wp\/v2\/types\/post"}],"author":[{"embeddable":true,"href":"http:\/\/blog.piekarska.com.pl\/index.php?rest_route=\/wp\/v2\/users\/1"}],"replies":[{"embeddable":true,"href":"http:\/\/blog.piekarska.com.pl\/index.php?rest_route=%2Fwp%2Fv2%2Fcomments&post=135274"}],"version-history":[{"count":0,"href":"http:\/\/blog.piekarska.com.pl\/index.php?rest_route=\/wp\/v2\/posts\/135274\/revisions"}],"wp:attachment":[{"href":"http:\/\/blog.piekarska.com.pl\/index.php?rest_route=%2Fwp%2Fv2%2Fmedia&parent=135274"}],"wp:term":[{"taxonomy":"category","embeddable":true,"href":"http:\/\/blog.piekarska.com.pl\/index.php?rest_route=%2Fwp%2Fv2%2Fcategories&post=135274"},{"taxonomy":"post_tag","embeddable":true,"href":"http:\/\/blog.piekarska.com.pl\/index.php?rest_route=%2Fwp%2Fv2%2Ftags&post=135274"}],"curies":[{"name":"wp","href":"https:\/\/api.w.org\/{rel}","templated":true}]}}