{"id":1071,"date":"2009-08-04T15:17:00","date_gmt":"2009-08-04T13:17:00","guid":{"rendered":"http:\/\/piekarska.blog.pl\/?p=1071"},"modified":"2009-08-04T15:17:00","modified_gmt":"2009-08-04T13:17:00","slug":"do-wymiany-2","status":"publish","type":"post","link":"http:\/\/blog.piekarska.com.pl\/?p=1071","title":{"rendered":"Do wymiany?"},"content":{"rendered":"<p>Od kilku tygodni blady strach pad\u0142 na nasz\u0105 telewizyjn\u0105 redakcj\u0119. Jak g\u0142osi stug\u0119bna plotka, nowy dyrektor chce nas wszystkich wymieni\u0107 i zast\u0105pi\u0107 zespo\u0142em z Agencji Informacyjnej. Z jednej strony to troch\u0119 dziwne, bo \u00f3w dyrektor nigdy nie zszed\u0142 do pokoju wydania i nie pozna\u0142 zespo\u0142u. (Sami znamy go ze zdj\u0119\u0107 w Internecie. R\u00f3wnie\u017c tam zapoznali\u015bmy si\u0119 z jego \u017cyciorysem.) Ale z drugiej strony, jak to zwyk\u0142am m\u00f3wi\u0107: \u201eod kiedy pier\u015b te\u015bciowej wkr\u0119ci\u0142a si\u0119 w wy\u017cymaczk\u0119 \u2013 nic mnie nie zadziwi\u201d, a poniewa\u017c po wo\u0142u mo\u017cna spodziewa\u0107 si\u0119 tylko wo\u0142owiny, wi\u0119c ja te\u017c wiele dobrego po TVP si\u0119 nie spodziewam. Wystarczy spojrze\u0107 na m\u00f3j bilans pracy w tej instytucji. 13 lat wierna jak pies. Nie obrazi\u0142am si\u0119 ani razu, nie trzasn\u0119\u0142am drzwiami, nie posz\u0142am do konkurencji, jak wielkie gwiazdy ani jak te mniejsze. \u017byj\u0119 tu 13 lat bez etatu, 13 lat z dzia\u0142alno\u015bci\u0105 gospodarcz\u0105, wystawiaj\u0105c faktury, kt\u00f3re p\u0142acone s\u0105 coraz p\u00f3\u017aniej. Obecny Prezes wyda\u0142 kilka miesi\u0119cy temu rozporz\u0105dzenie, \u017ce firmom nale\u017cy p\u0142aci\u0107 31 dni po wp\u0142yni\u0119ciu faktury. Biedaczysko chyba nie wie (albo i wie, co fatalnie o nim \u015bwiadczy), \u017ce cz\u0119sto te firmy to pojedynczy dziennikarze. Do tej pory nie ujrza\u0142am forsy za lektorowanie do programu \u201eStudio wsch\u00f3d\u201d w czerwcu. Faktura bowiem zgin\u0119\u0142a w otch\u0142ani gmachu na Woronicza. Musia\u0142am dowozi\u0107 j\u0105 jeszcze raz i teraz liczy si\u0119 31 dni od dowiezienia duplikatu, a nie pierwszego z\u0142o\u017cenia. No bo jak udowodni\u0119, \u017ce z\u0142o\u017cy\u0142am wcze\u015bniej?<br \/>\nWracaj\u0105c jednak do czystki, kt\u00f3ra podobno lub rzekomo nam grozi. Po emisji Telewizyjnego Kuriera Warszawskiego 1 sierpnia rozdzwonili si\u0119 widzowie. P\u0142akali ze wzruszenia! Gratulowali wspania\u0142ego programu i\u2026 m\u00f3wili, \u017ce jeste\u015bmy lepsi ni\u017c TVP.INFO, bo chwycili\u015bmy ich za serce. Mieli\u015bmy pomys\u0142. A ja i bez tych telefon\u00f3w dobrze wiem, \u017ce tak jest. Nie na darmo na antenie istniejemy 50 lat! I wiem, \u017ce jako reporterzy tego najstarszego programu &#8211; czujemy puls stolicy. Wiem o tym te\u017c dlatego, \u017ce nast\u0119pnego dnia w Muzeum Powstania Warszawskiego, na spotkaniu Prezydenta RP z powsta\u0144cami, spotka\u0142am koleg\u0119 z Agencji Informacyjnej, kt\u00f3ry poprosi\u0142 mnie o pomoc w znalezieniu Powsta\u0144ca do rozmowy na \u017cywo. Bez wahania wskaza\u0142am ksi\u0119dza pra\u0142ata Henryka Kietli\u0144skiego. Odpar\u0142, \u017ce ksi\u0119dza ju\u017c mia\u0142 \u2013 Barto\u0142da. R\u0119ce mi opad\u0142y i t\u0142umacz\u0119, \u017ce Barto\u0142d jest owszem, przesympatyczny, ale nie by\u0142 powsta\u0144cem, a Kietli\u0144ski by\u0142! W zgrupowaniu \u201eKryska\u201d i koniecznie niech go we\u017amie do rozmowy. To ksi\u0105dz, kt\u00f3ry \u015bwietnie m\u00f3wi, co w telewizji ma ogromne znaczenie, po drugie ma o czym, a po trzecie doprowadzi\u0142 do beatyfikacji powsta\u0144czego kapelana ksi\u0119dza Stanka. Patrzy\u0142y na mnie puste oczy, sympatycznego sk\u0105din\u0105d kolegi, kt\u00f3ry ewidentnie nie wiedzia\u0142, kto to ksi\u0105dz Stanek (m\u0119czennik torturowany i powieszony przez Niemc\u00f3w, beatyfikowany 13 czerwca 1999 przez Jana Paw\u0142a II, bo do ko\u0144ca zosta\u0142 z rannymi i id\u0105c na szubienic\u0119 dodawa\u0142 otuchy), co to \u201eKryska\u201d, a nawet, kto to ksi\u0105dz Kietli\u0144ski. Cho\u0107 t\u0142umaczy\u0142am, \u017ce to osoba, kt\u00f3ra w\u0142a\u015bnie odebra\u0142a od Prezydenta odznaczenie. O\u015brodki regionalne i pracuj\u0105cy w nich dziennikarze maj\u0105 to do siebie, \u017ce na temat swojego regionu wiedz\u0105 wszystko. Ci z og\u00f3lnopolskiej wiedz\u0105 po \u0142ebkach.<br \/>\nNasz nowy dyrektor zachwyca si\u0119 programem og\u00f3lnopolskim i wiadomo\u015bciami. Lepsi? Czy biedak nie wie, \u017ce pracuj\u0105cy tam dziennikarze maj\u0105 reasercher\u00f3w i wsp\u00f3\u0142pracownik\u00f3w, kt\u00f3rzy cz\u0119sto dzwoni\u0105 po pomoc do nas? Czy nie wie, \u017ce np. po\u0142owa go\u015bci zapraszanych do powsta\u0144czych audycji by\u0142a zapraszana dzi\u0119ki kontaktom wyj\u0119tym z mojego notesu? Tak jest i w przypadku innych temat\u00f3w. Gdy og\u00f3lnopolska antena rozrabia\u0142a temat o KDT,  s\u0142u\u017cyli\u015bmy pomoc\u0105, bo o poszczeg\u00f3lnych etapach rozwoju KDT robili\u015bmy latami! W rezlutacie nasze reporterki robi\u0142y na antenie za ekspert\u00f3w. Czy nie wie, \u017ce brakuj\u0105ce zdj\u0119cia reporterom z Agencji Informacyjnej dosy\u0142aj\u0105 szaraczki z o\u015brodk\u00f3w, kt\u00f3rzy nawet nie s\u0105 podpisywani, jako wsp\u00f3\u0142autorzy, a cz\u0119sto nikt im za pomoc nie p\u0142aci? U nas sami robimy swoje tematy. Czasem pomaga praktykant, kt\u00f3ry przychodzi do redakcji na 2 tygodnie zaliczy\u0107 praktyki. Niestety jego pomoc to cz\u0119\u015bciej przeszkoda i op\u00f3\u017anienia w realizacji. Bo przecie\u017c trzeba go jeszcze po drodze uczy\u0107 rzemios\u0142a. No i t\u0142umaczy\u0107, \u017ce Marsza\u0142ek Wojew\u00f3dztwa i Wojewoda to dwie r\u00f3\u017cne osoby. \u017be Zarz\u0105d Oczyszczania Miasta, Zarz\u0105d Dr\u00f3g Miejskich i Zarz\u0105d Teren\u00f3w Publicznych to trzy r\u00f3\u017cne instytucje! \u017be inspektorzy drogowi to nie to samo, co drog\u00f3wka! \u017be tamci s\u0105 z GDDKiA, a ci z policji. Inaczej um\u00f3wi na rozmow\u0119 nie tego, kogo trzeba. Na zdj\u0119cia mamy 2 godziny, a nie jak w AI kamer\u0119 na niemal ca\u0142y dzie\u0144. Pami\u0119tam, jak wyszkolona w tym trybie, posz\u0142am na monta\u017c felietonu do jedynki. Mia\u0142am na to 8 godzin. Sko\u0144czy\u0142am po 4 i mia\u0142am wielkie poczucie winy, bo u nas montuje si\u0119 takie co\u015b w g\u00f3ra 2 godziny, ale przesympatyczny monta\u017cysta z Woronicza w por\u00f3wnaniu z naszymi newsowymi strasznie sie guzdra\u0142. A jednak! Gdy przysz\u0142am ze zmontowanym materia\u0142em do pokoju, koledze, kt\u00f3ry zawiadywa\u0142 jedynkow\u0105 redakcj\u0105 opad\u0142a szczeka. My\u015bla\u0142, \u017ce przysz\u0142am, bo sobie z czym\u015b nie radz\u0119, a nie, \u017ce ju\u017c po wszystkim. Wtedy po raz pierwszy us\u0142ysza\u0142am, \u017ce na Woronicza m\u00f3wi si\u0119 jak co\u015b jest syfiaste, \u017ce jest jak z WOT\u2019u (Warszawskiego O\u015brodka Telewizyjnego) i on zawsze my\u015bla\u0142, \u017ce nas trzeba przyucza\u0107 jak gdzie\u015b p\u00f3jdziemy. Bo ludziom z gmach\u00f3w przy Wornicza wydawa\u0142o si\u0119 to nielogiczne, \u017ce mieszkaj\u0105c w Warszawie kto\u015b chce tworzy\u0107 co\u015b dla garstki widz\u00f3w, a nie dla wszystkich. Dla niego logicznym wydawa\u0142o si\u0119, \u017ce jak kto\u015b jest w TVP Warszawa a nie w og\u00f3lnopolskiej, to dlatego, \u017ce go nigdzie indziej nie chciano! Teraz wie, \u017ce to nie tak. Ode mnie dowiedzia\u0142 si\u0119 ile mamy dni zdj\u0119ciowych na reporta\u017c, ile godzin monta\u017cu i\u2026 pad\u0142! Tam maja 3 razy tyle! I na zdj\u0119cia i na monta\u017c i\u2026 oczywi\u015bcie pieni\u0119dzy za gotowy produkt! Poznawszy realia mojej pracy spyta\u0142 czemu nie rzuc\u0119 tego w diab\u0142y. Odpowiedzia\u0142am, \u017ce tylko tam mog\u0119 robi\u0107 tyle o Warszawie, a to moje miasto. \u201eTy to jeste\u015b pierdolni\u0119ta!\u201d \u2013 stwierdzi\u0142 kr\u00f3tko.<br \/>\nI teraz tak si\u0119 zastanawiam. Jak ci, kt\u00f3rzy maj\u0105 nas podobno lub rzekomo zast\u0105pi\u0107, poradz\u0119 sobie z warunkami technicznymi panuj\u0105cymi w naszym o\u015brodku? Bo o tym, co b\u0119dzie na antenie nawet nie my\u015bl\u0119. Dla kolegi z Agencji Informacyjnej ksi\u0105dz Kietli\u0144ski uczestnik powstania by\u0142 mniej wart ni\u017c np. syn Gajcego, kt\u00f3ry nie pami\u0119ta swego ojca, bo gdy ojciec poleg\u0142 by\u0142 zbyt ma\u0142y. C\u00f3\u017c\u2026 id\u0105c tym tropem mo\u017cna przed kamer\u0105 postawi\u0107 jakiegokolwiek Warszawiaka o powsta\u0144czych korzeniach. Teraz rozumiem, czemu dzie\u0144 wcze\u015bniej sta\u0142am ja z pami\u0105tkami i synem u boku. Proponuj\u0119 postawi\u0107 np. wnuka powsta\u0144czego dow\u00f3dcy mojego stryja. Wnuk \u2013 nosi teraz sztandar oddzia\u0142u swojego dziadka. Niech odpowie na przyk\u0142ad\u2026 czy mu ci\u0119\u017cko.<br \/>\nDyskusje w redakcji o zwolnieniach &#8211; nie milkn\u0105. Kole\u017canki i koledzy szukaj\u0105 nowej roboty. I tylko ja zdaj\u0119 si\u0119 nie bardzo tym wszystkim przejmowa\u0107. Mam dwa dni wolnego i siedz\u0119 nad powie\u015bci\u0105 plus \u201esprawami gazetowymi\u201d. Pewnie dlatego, \u017ce dobrze wiem, \u017ce trudno znale\u017a\u0107 kogo\u015b bardziej przywi\u0105zanego do Telewizyjnego Kuriera Warszawskiego ni\u017c ja. Ile\u017c nazwisk przez ten czas przewin\u0119\u0142o si\u0119 przez redakcj\u0119. Niekt\u00f3rzy porobili osza\u0142amiaj\u0105ce kariery, nawet byli rzecznikami rz\u0105du. (hi hi) Ja ci\u0105gle tu\u2026 Ale mo\u017ce ju\u017c nied\u0142ugo\u2026 Wiem jedno, \u017ce je\u015bli wylec\u0119, bo znajd\u0105 kogo\u015b innego na moje ma\u0142o wdzi\u0119czne miejsce \u2026 to przecie\u017c, gdy Pan B\u00f3g zatrzaskuje drzwi, to otwiera okno\u2026 Gdzie\u015b jakie\u015b dla mnie otworzy.<br \/>\nPS. Je\u015bli za ten wpis mnie zwolni\u0105 (jak sugeruje redakcyjna kole\u017canka trz\u0119sidupa), to znaczy tylko jedno. Ta instytucja nie jest godna, bym w niej i dla niej pracowa\u0142a.<\/p>\n","protected":false},"excerpt":{"rendered":"<p>Od kilku tygodni blady strach pad\u0142 na nasz\u0105 telewizyjn\u0105 redakcj\u0119. Jak g\u0142osi stug\u0119bna plotka, nowy dyrektor chce nas wszystkich wymieni\u0107 i zast\u0105pi\u0107 zespo\u0142em z Agencji Informacyjnej. Z jednej strony to troch\u0119 dziwne, bo \u00f3w dyrektor nigdy nie zszed\u0142 do pokoju wydania i nie pozna\u0142 zespo\u0142u&#8230;.<\/p>\n<div class=\"easywp-readmore\"><a class=\"read-more-link\" href=\"http:\/\/blog.piekarska.com.pl\/?p=1071\">Czytaj dalej&#8230;<span class=\"easywp-sr-only\">  Do wymiany?<\/span><\/a><\/div>\n","protected":false},"author":1,"featured_media":0,"comment_status":"closed","ping_status":"open","sticky":false,"template":"","format":"standard","meta":{"_crdt_document":"","footnotes":""},"categories":[4,10,11],"tags":[314,1359,1384,1428],"class_list":["post-1071","post","type-post","status-publish","format-standard","hentry","category-dziennikarstwo","category-warszawa","category-prywatne","tag-dziennikarstwo-2","tag-telewizyjny-kurier-warszawski","tag-tvp","tag-warszawa","wpcat-4-id","wpcat-10-id","wpcat-11-id"],"_links":{"self":[{"href":"http:\/\/blog.piekarska.com.pl\/index.php?rest_route=\/wp\/v2\/posts\/1071","targetHints":{"allow":["GET"]}}],"collection":[{"href":"http:\/\/blog.piekarska.com.pl\/index.php?rest_route=\/wp\/v2\/posts"}],"about":[{"href":"http:\/\/blog.piekarska.com.pl\/index.php?rest_route=\/wp\/v2\/types\/post"}],"author":[{"embeddable":true,"href":"http:\/\/blog.piekarska.com.pl\/index.php?rest_route=\/wp\/v2\/users\/1"}],"replies":[{"embeddable":true,"href":"http:\/\/blog.piekarska.com.pl\/index.php?rest_route=%2Fwp%2Fv2%2Fcomments&post=1071"}],"version-history":[{"count":0,"href":"http:\/\/blog.piekarska.com.pl\/index.php?rest_route=\/wp\/v2\/posts\/1071\/revisions"}],"wp:attachment":[{"href":"http:\/\/blog.piekarska.com.pl\/index.php?rest_route=%2Fwp%2Fv2%2Fmedia&parent=1071"}],"wp:term":[{"taxonomy":"category","embeddable":true,"href":"http:\/\/blog.piekarska.com.pl\/index.php?rest_route=%2Fwp%2Fv2%2Fcategories&post=1071"},{"taxonomy":"post_tag","embeddable":true,"href":"http:\/\/blog.piekarska.com.pl\/index.php?rest_route=%2Fwp%2Fv2%2Ftags&post=1071"}],"curies":[{"name":"wp","href":"https:\/\/api.w.org\/{rel}","templated":true}]}}